{"id":17714,"date":"2023-02-16T15:07:21","date_gmt":"2023-02-16T15:07:21","guid":{"rendered":"https:\/\/hormigaradio.com\/?p=17714"},"modified":"2023-02-16T15:20:33","modified_gmt":"2023-02-16T15:20:33","slug":"aplazan-medida-de-coercion-caso-nino-martinez","status":"publish","type":"post","link":"https:\/\/hormigaradio.com\/?p=17714","title":{"rendered":"APLAZAN MEDIDA DE COERCION CASO NI\u00d1O MARTINEZ"},"content":{"rendered":"<p><span style=\"color: #222222;\"><span style=\"font-family: Arial, Helvetica, sans-serif;\"><span style=\"font-size: medium;\"><img loading=\"lazy\" class=\"size-medium wp-image-17692 alignleft\" src=\"http:\/\/hormigaradio.com\/wp-content\/uploads\/2023\/02\/WhatsApp-Image-2023-02-13-at-10.04.25-PM-300x169.jpeg\" alt=\"\" width=\"300\" height=\"169\" srcset=\"https:\/\/hormigaradio.com\/wp-content\/uploads\/2023\/02\/WhatsApp-Image-2023-02-13-at-10.04.25-PM-300x169.jpeg 300w, https:\/\/hormigaradio.com\/wp-content\/uploads\/2023\/02\/WhatsApp-Image-2023-02-13-at-10.04.25-PM-715x400.jpeg 715w, https:\/\/hormigaradio.com\/wp-content\/uploads\/2023\/02\/WhatsApp-Image-2023-02-13-at-10.04.25-PM.jpeg 720w\" sizes=\"(max-width: 300px) 100vw, 300px\" \/><\/span><\/span><\/span><\/p>\n<p>Hormiga Group<\/p>\n<p><span style=\"color: #222222;\"><span style=\"font-family: Arial, Helvetica, sans-serif;\"><span style=\"font-size: medium;\">La jueza Kimberly Tatis de la Oficina Judicial de Servicios de Atenci\u00f3n Permanente de esta jurisdicci\u00f3n aplaz\u00f3 para el pr\u00f3ximo mi\u00e9rcoles 22 de febrero la audiencia para conocer medidas de coerci\u00f3n al cabo de la Polic\u00eda Nacional imputado por el homicidio de un adolescente, ocurrido el pasado domingo en la calle Mella, esquina avenida Las Carreras, en medio de la celebraci\u00f3n del carnaval en Santiago. <\/span><\/span><\/span><\/p>\n<p><span style=\"color: #222222;\"><span style=\"font-family: Arial, Helvetica, sans-serif;\"><span style=\"font-size: medium;\">El aplazamiento estuvo motivado en la petici\u00f3n de los abogados de la defensa t\u00e9cnica del imputado Alejandro Castro Cruz, quien dispar\u00f3 su arma de fuego en medio de un incidente e impact\u00f3 al adolescente D.J.M.T. La defensa pidi\u00f3 el tiempo para reunir y presentar presupuestos de su defendido.<\/span><\/span><\/span><\/p>\n<p><span style=\"color: #222222;\"><span style=\"font-family: Arial, Helvetica, sans-serif;\"><span style=\"font-size: medium;\">A la salida del tribunal, el titular de la Fiscal\u00eda, Osvaldo Bonilla, reiter\u00f3 que la medida a imponer deber\u00e1 ser la prisi\u00f3n preventiva, por espacio de un a\u00f1o, porque se trata de un hecho grave donde el imputado violent\u00f3 todos los protocolos de proporcionalidad y uso de la fuerza, y por lo cual el Ministerio P\u00fablico ha tipificado el hecho, de manera provisional, como homicidio voluntario.<\/span><\/span><\/span><\/p>\n<p>Impactos: 42<\/p>","protected":false},"excerpt":{"rendered":"<p>Hormiga Group La jueza Kimberly Tatis de la Oficina Judicial de Servicios de Atenci\u00f3n Permanente de esta jurisdicci\u00f3n aplaz\u00f3 para el pr\u00f3ximo mi\u00e9rcoles 22<\/p>\n","protected":false},"author":3,"featured_media":17692,"comment_status":"closed","ping_status":"closed","sticky":false,"template":"","format":"standard","meta":[],"categories":[3],"tags":[],"_links":{"self":[{"href":"https:\/\/hormigaradio.com\/index.php?rest_route=\/wp\/v2\/posts\/17714"}],"collection":[{"href":"https:\/\/hormigaradio.com\/index.php?rest_route=\/wp\/v2\/posts"}],"about":[{"href":"https:\/\/hormigaradio.com\/index.php?rest_route=\/wp\/v2\/types\/post"}],"author":[{"embeddable":true,"href":"https:\/\/hormigaradio.com\/index.php?rest_route=\/wp\/v2\/users\/3"}],"replies":[{"embeddable":true,"href":"https:\/\/hormigaradio.com\/index.php?rest_route=%2Fwp%2Fv2%2Fcomments&post=17714"}],"version-history":[{"count":3,"href":"https:\/\/hormigaradio.com\/index.php?rest_route=\/wp\/v2\/posts\/17714\/revisions"}],"predecessor-version":[{"id":17717,"href":"https:\/\/hormigaradio.com\/index.php?rest_route=\/wp\/v2\/posts\/17714\/revisions\/17717"}],"wp:featuredmedia":[{"embeddable":true,"href":"https:\/\/hormigaradio.com\/index.php?rest_route=\/wp\/v2\/media\/17692"}],"wp:attachment":[{"href":"https:\/\/hormigaradio.com\/index.php?rest_route=%2Fwp%2Fv2%2Fmedia&parent=17714"}],"wp:term":[{"taxonomy":"category","embeddable":true,"href":"https:\/\/hormigaradio.com\/index.php?rest_route=%2Fwp%2Fv2%2Fcategories&post=17714"},{"taxonomy":"post_tag","embeddable":true,"href":"https:\/\/hormigaradio.com\/index.php?rest_route=%2Fwp%2Fv2%2Ftags&post=17714"}],"curies":[{"name":"wp","href":"https:\/\/api.w.org\/{rel}","templated":true}]}}