{"id":17718,"date":"2023-02-16T15:40:53","date_gmt":"2023-02-16T15:40:53","guid":{"rendered":"https:\/\/hormigaradio.com\/?p=17718"},"modified":"2023-02-16T15:40:53","modified_gmt":"2023-02-16T15:40:53","slug":"cuba-registra-un-sismo-de-magnitud-55-sin-danos-personales-o-materiales","status":"publish","type":"post","link":"https:\/\/hormigaradio.com\/?p=17718","title":{"rendered":"CUBA REGISTRA UN SISMO DE MAGNITUD 5,5, SIN DA\u00d1OS PERSONALES O MATERIALES"},"content":{"rendered":"<p><img loading=\"lazy\" class=\"size-medium wp-image-10565 alignleft\" src=\"http:\/\/hormigaradio.com\/wp-content\/uploads\/2020\/08\/sismo-300x168.jpg\" alt=\"\" width=\"300\" height=\"168\" \/>Por\u00a0<a class=\"text-font font-700\" href=\"https:\/\/acento.com.do\/autor\/index.html?user_slug=servicios\">SERVICIOS DE ACENTO.COM.DO<\/a><\/p>\n<p>El Servicio Sismol\u00f3gico Nacional de\u00a0<strong>Cuba<\/strong>\u00a0registr\u00f3 este jueves el segundo sismo perceptible del a\u00f1o, un temblor de magnitud 5,5 en la escala de\u00a0<strong>Richter<\/strong>\u00a0localizado en el este del pa\u00eds, sin que por el momento se hayan reportado da\u00f1os humanos o materiales.<\/p>\n<p>El movimiento tel\u00farico se produjo a las 01.50 hora local (06.50 GMT), a 79,3 kil\u00f3metros al sureste de la localidad de\u00a0<strong>Mais\u00ed,<\/strong>\u00a0en la provincia de\u00a0<strong>Guant\u00e1namo,<\/strong>\u00a0y a una profundidad de apenas 10 km, indic\u00f3 en un comunicado la entidad.<\/p>\n<p>Varias localidades de\u00a0<strong>Guant\u00e1namo<\/strong>\u00a0y la vecina\u00a0<strong>Santiago de Cuba<\/strong>\u00a0reportaron haber sentido el terremoto.<\/p>\n<p>El primer sismo notificado este a\u00f1o en el pa\u00eds caribe\u00f1o fue hace ocho d\u00edas, tambi\u00e9n de magnitud 5,5, y tuvo su epicentro a 600 km al suroeste del municipio especial\u00a0<strong>Isla de la Juventud<\/strong>\u00a0(suroeste).<\/p>\n<p>Este sismo se sinti\u00f3 en varias localidades del municipio y en edificios altos de\u00a0<strong>La Habana<\/strong>\u00a0y otras ciudades de esa regi\u00f3n del pa\u00eds.<\/p>\n<p>El a\u00f1o pasado se reportaron 13 sismos perceptibles en\u00a0<strong>Cuba,<\/strong>\u00a0casi todos en el este de la isla, la zona de mayor actividad tel\u00farica.<\/p>\n<p><strong>Cuba<\/strong>\u00a0est\u00e1 ubicada en una regi\u00f3n -que abarca de la\u00a0<strong>Rep\u00fablica Dominicana<\/strong>\u00a0a\u00a0<strong>M\u00e9xico-<\/strong>\u00a0en la que confluyen diferentes sistemas de fallas tect\u00f3nicas y tiene una importante actividad s\u00edsmica<\/p>\n<p>Impactos: 32<\/p>","protected":false},"excerpt":{"rendered":"<p>Por\u00a0SERVICIOS DE ACENTO.COM.DO El Servicio Sismol\u00f3gico Nacional de\u00a0Cuba\u00a0registr\u00f3 este jueves el segundo sismo perceptible del a\u00f1o, un temblor de magnitud 5,5 en la escala<\/p>\n","protected":false},"author":3,"featured_media":10565,"comment_status":"closed","ping_status":"closed","sticky":false,"template":"","format":"standard","meta":[],"categories":[3],"tags":[],"_links":{"self":[{"href":"https:\/\/hormigaradio.com\/index.php?rest_route=\/wp\/v2\/posts\/17718"}],"collection":[{"href":"https:\/\/hormigaradio.com\/index.php?rest_route=\/wp\/v2\/posts"}],"about":[{"href":"https:\/\/hormigaradio.com\/index.php?rest_route=\/wp\/v2\/types\/post"}],"author":[{"embeddable":true,"href":"https:\/\/hormigaradio.com\/index.php?rest_route=\/wp\/v2\/users\/3"}],"replies":[{"embeddable":true,"href":"https:\/\/hormigaradio.com\/index.php?rest_route=%2Fwp%2Fv2%2Fcomments&post=17718"}],"version-history":[{"count":1,"href":"https:\/\/hormigaradio.com\/index.php?rest_route=\/wp\/v2\/posts\/17718\/revisions"}],"predecessor-version":[{"id":17719,"href":"https:\/\/hormigaradio.com\/index.php?rest_route=\/wp\/v2\/posts\/17718\/revisions\/17719"}],"wp:featuredmedia":[{"embeddable":true,"href":"https:\/\/hormigaradio.com\/index.php?rest_route=\/wp\/v2\/media\/10565"}],"wp:attachment":[{"href":"https:\/\/hormigaradio.com\/index.php?rest_route=%2Fwp%2Fv2%2Fmedia&parent=17718"}],"wp:term":[{"taxonomy":"category","embeddable":true,"href":"https:\/\/hormigaradio.com\/index.php?rest_route=%2Fwp%2Fv2%2Fcategories&post=17718"},{"taxonomy":"post_tag","embeddable":true,"href":"https:\/\/hormigaradio.com\/index.php?rest_route=%2Fwp%2Fv2%2Ftags&post=17718"}],"curies":[{"name":"wp","href":"https:\/\/api.w.org\/{rel}","templated":true}]}}