{"id":17724,"date":"2023-02-17T03:44:27","date_gmt":"2023-02-17T03:44:27","guid":{"rendered":"https:\/\/hormigaradio.com\/?p=17724"},"modified":"2023-02-17T03:44:39","modified_gmt":"2023-02-17T03:44:39","slug":"ocd-saluda-creacion-borrador-anteproyecto-nueva-ley-libertad-de-expresion-y-difusion-del-pensamiento","status":"publish","type":"post","link":"https:\/\/hormigaradio.com\/?p=17724","title":{"rendered":"OCD SALUDA CREACI\u00d3N BORRADOR ANTEPROYECTO NUEVA LEY LIBERTAD DE EXPRESI\u00d3N Y DIFUSI\u00d3N DEL PENSAMIENTO"},"content":{"rendered":"<p><img loading=\"lazy\" class=\"alignnone wp-image-15152\" src=\"http:\/\/hormigaradio.com\/wp-content\/uploads\/2022\/01\/FIRMA-para-Hormiga-Radio-300x158.jpeg\" alt=\"\" width=\"80\" height=\"42\" \/><\/p>\n<p>El Observatorio Comunicaci\u00f3n y Democracia salud\u00f3 la creaci\u00f3n del borrador que se convertir\u00e1 en la nueva ley sobre Libertad de Expresi\u00f3n y Difusi\u00f3n del Pensamiento, documento catalogado por los miembros de la comisi\u00f3n designada por decreto presidencial para esos fines, como un modelo para Am\u00e9rica Latina y El Caribe.<\/p>\n<p>Seg\u00fan Namphy Rodr\u00edguez, destacado jurista y miembro de la referida comisi\u00f3n, adelant\u00f3 que luego de meses de arduo trabajo y de muchas consultas con todos los sectores interesados se logr\u00f3 un documento que dar\u00e1 paso a una ley integral en t\u00e9rminos de libertad de expresi\u00f3n y difusi\u00f3n del pensamiento en todas sus vertientes, incluidas las plataformas digitales.<\/p>\n<p>\u201cSiempre lo que se reformaba era la ley de prensa, ahora estamos reformando una ley integral que regula la libertad de expresi\u00f3n en sentido general y por todos los medios en que se produce\u201d, dijo Rodr\u00edguez al conversar con miembros del OCD.<\/p>\n<p>Dijo que dicho documento incluye un cap\u00edtulo para la regulaci\u00f3n de contenidos en los medios de comunicaci\u00f3n y plataformas digitales en pos de proteger los derechos de los ni\u00f1os y usuarios.<\/p>\n<p>Precis\u00f3 que pr\u00f3ximamente esa comisi\u00f3n har\u00e1 una presentaci\u00f3n del documento a la Sociedad Civil y posteriormente los organismos oficiales del gobierno har\u00e1n el anuncio para someter ante los \u00f3rganos legislativos el anteproyecto de ley.<\/p>\n<p>Dicha comisi\u00f3n est\u00e1 conformada por directores de medios, juristas, acad\u00e9micos, miembros de la sociedad de diarios y del Colegio de periodistas.<\/p>\n<p>Rafael N\u00fa\u00f1ez, presidente del Observatorio Comunicaci\u00f3n y Democracia, dijo que se hac\u00eda necesaria la adecuaci\u00f3n de la referida ley, ya que no contemplaba la regulaci\u00f3n de contenidos en las plataformas digitales, as\u00ed como las garant\u00edas fundamentales m\u00e1s acorde a la \u00e9poca a trav\u00e9s de la libertad de expresi\u00f3n y difusi\u00f3n del pensamiento.<\/p>\n<p>N\u00fa\u00f1ez dijo, adem\u00e1s, que esta nueva ley ser\u00e1 una gran aliada del buen ejercicio period\u00edstico, as\u00ed como de los ciudadanos que ven vulnerados sus derechos frente a situaciones que ponen en peligro su dignidad.<\/p>\n<p>Al saludar el gran paso que dar\u00e1 la Rep\u00fablica dominicana con esta ley, enfatiz\u00f3 que el OCD es el principal abanderado de todas las acciones que contribuyan con el bienestar de los periodistas, comunicadores y de t\u00e9cnicos dentro del ejercicio period\u00edstico.<\/p>\n<p>Concluy\u00f3 haciendo un llamado a todos los periodistas, comunicadores y a la poblaci\u00f3n en sentido general para que en su momento apoyen esta iniciativa de ley, a los fines de salvaguardar los derechos fundamentales de los ciudadanos en materia de libertad de expresi\u00f3n y difusi\u00f3n del pensamiento.<\/p>\n<p>Impactos: 32<\/p>","protected":false},"excerpt":{"rendered":"<p>El Observatorio Comunicaci\u00f3n y Democracia salud\u00f3 la creaci\u00f3n del borrador que se convertir\u00e1 en la nueva ley sobre Libertad de Expresi\u00f3n y Difusi\u00f3n del<\/p>\n","protected":false},"author":3,"featured_media":17725,"comment_status":"closed","ping_status":"closed","sticky":false,"template":"","format":"standard","meta":[],"categories":[3],"tags":[],"_links":{"self":[{"href":"https:\/\/hormigaradio.com\/index.php?rest_route=\/wp\/v2\/posts\/17724"}],"collection":[{"href":"https:\/\/hormigaradio.com\/index.php?rest_route=\/wp\/v2\/posts"}],"about":[{"href":"https:\/\/hormigaradio.com\/index.php?rest_route=\/wp\/v2\/types\/post"}],"author":[{"embeddable":true,"href":"https:\/\/hormigaradio.com\/index.php?rest_route=\/wp\/v2\/users\/3"}],"replies":[{"embeddable":true,"href":"https:\/\/hormigaradio.com\/index.php?rest_route=%2Fwp%2Fv2%2Fcomments&post=17724"}],"version-history":[{"count":1,"href":"https:\/\/hormigaradio.com\/index.php?rest_route=\/wp\/v2\/posts\/17724\/revisions"}],"predecessor-version":[{"id":17726,"href":"https:\/\/hormigaradio.com\/index.php?rest_route=\/wp\/v2\/posts\/17724\/revisions\/17726"}],"wp:featuredmedia":[{"embeddable":true,"href":"https:\/\/hormigaradio.com\/index.php?rest_route=\/wp\/v2\/media\/17725"}],"wp:attachment":[{"href":"https:\/\/hormigaradio.com\/index.php?rest_route=%2Fwp%2Fv2%2Fmedia&parent=17724"}],"wp:term":[{"taxonomy":"category","embeddable":true,"href":"https:\/\/hormigaradio.com\/index.php?rest_route=%2Fwp%2Fv2%2Fcategories&post=17724"},{"taxonomy":"post_tag","embeddable":true,"href":"https:\/\/hormigaradio.com\/index.php?rest_route=%2Fwp%2Fv2%2Ftags&post=17724"}],"curies":[{"name":"wp","href":"https:\/\/api.w.org\/{rel}","templated":true}]}}