{"id":17727,"date":"2023-02-17T19:08:23","date_gmt":"2023-02-17T19:08:23","guid":{"rendered":"https:\/\/hormigaradio.com\/?p=17727"},"modified":"2023-02-17T19:16:23","modified_gmt":"2023-02-17T19:16:23","slug":"17727","status":"publish","type":"post","link":"https:\/\/hormigaradio.com\/?p=17727","title":{"rendered":"\u2026 Y SEGUIDO LA MUERTE DE UN INOCENTE"},"content":{"rendered":"<p>Por\u00a0<a class=\"text-font font-700\" href=\"https:\/\/acento.com.do\/autor\/index.html?user_slug=evaldez\">EVELIN VALDEZ\u00a0<\/a><\/p>\n<p>Cinco d\u00edas han transcurrido desde aquel hecho que arrop\u00f3, no solo a una familia, sino, a una ciudad, un pa\u00eds, recorriendo cada espacio disponible en las redes sociales.<\/p>\n<p>Todos consternados por el hecho de que el fallecido fue un ni\u00f1o de apenas 12 a\u00f1os de edad, el cual se encontraba en el lugar y la hora no indicada, sin saber, que la muerte le esperaba.<\/p>\n<figure id=\"attachment_17732\" aria-describedby=\"caption-attachment-17732\" style=\"width: 150px\" class=\"wp-caption alignnone\"><img loading=\"lazy\" class=\"wp-image-17732 size-thumbnail\" src=\"http:\/\/hormigaradio.com\/wp-content\/uploads\/2023\/02\/WhatsApp-Image-2023-02-17-at-3.13.37-PM-150x150.jpeg\" alt=\"\" width=\"150\" height=\"150\" srcset=\"https:\/\/hormigaradio.com\/wp-content\/uploads\/2023\/02\/WhatsApp-Image-2023-02-17-at-3.13.37-PM-150x150.jpeg 150w, https:\/\/hormigaradio.com\/wp-content\/uploads\/2023\/02\/WhatsApp-Image-2023-02-17-at-3.13.37-PM-215x215.jpeg 215w\" sizes=\"(max-width: 150px) 100vw, 150px\" \/><figcaption id=\"caption-attachment-17732\" class=\"wp-caption-text\"><strong>Evelin Valdez.<\/strong><\/figcaption><\/figure>\n<p>El domingo 12 de febrero, mientras el menor Donelly Mart\u00ednez se encontraba sentado, en su estado de ni\u00f1ez, jugando con su tel\u00e9fono celular, una bala le seg\u00f3 la vida.<\/p>\n<p>Como dice aquel personaje de Roberto G\u00f3mez Bola\u00f1os, \u201cEl Chapul\u00edn Colorado\u201d \u00bfY ahora qui\u00e9n podr\u00e1 defendernos?<\/p>\n<p>Entendemos que el cuerpo de la Polic\u00eda Nacional debe proteger al ciudadano, no \u201cmatarlo\u201d, un hecho com\u00fan ante la arrogancia de los agentes vestidos de gris.<\/p>\n<p>Como dice el artista urbano, Vaker\u00f3 en su canci\u00f3n \u201cEl hombre de gris\u201d.<\/p>\n<p><em>\u201cEn su uniforme t\u00fa puedes ver, lo malo que puede ser, y el miedo que provoca, en vez de proteger, me causa estr\u00e9s, no lo puedo ver, mejor cojo la otra ser\u00e1, para no chocar con \u00e9l\u201d.<\/em><\/p>\n<p><strong>\u00a1Que pague el otro la Cuaba!<\/strong><\/p>\n<p>El conflicto vino por que unos de los agentes policiales violaron el derecho de un ciudadano, a disfrutar del ambiente del carnaval, momentos en que este se encontraba escuchando m\u00fasica en la calle Mella esquina avenida Las Carreras de Santiago de los Caballeros y aqu\u00ed hacemos un aparte:<\/p>\n<p>Ese hombre desconocido no fue quien dispar\u00f3 el arma que mat\u00f3 al menor, fue el cabo Alejandro Castro Cruz, quien privando en \u201cguapo\u201d, se devuelve con su arma de reglamento en mano, seg\u00fan uno de los videos que se hicieron virales.<\/p>\n<p>Esto gener\u00f3 la impotencia del padre del menor padre de la v\u00edctima, quien atrapado por la furia del momento se va a las \u201ctrompadas\u201d con el agente, sin saber que eso deton\u00f3 una bala que le quit\u00f3 la vida a su hijo.<\/p>\n<p><strong>\u00bfCulpables?<\/strong><\/p>\n<p>\u00bfLa polic\u00eda por no respetar el derecho de los ciudadanos?<\/p>\n<p>\u00bfEl padre, por no obedecer la \u201corden\u201d de un agente?<\/p>\n<p>\u00bfLa sociedad por querer hacer lo que le viene en gana?<\/p>\n<p>Extractos de los reglamentos de anti ruido<\/p>\n<p>Ley 287-04 sobre Prevenci\u00f3n, Supresi\u00f3n y Limitaci\u00f3n de Ruidos Nocivos y Molestos que Producen Contaminaci\u00f3n Sonora.<\/p>\n<p>\u201c<em>Es prohibida dentro del \u00e1mbito de las zonas urbanas de la Rep\u00fablica Dominicana, y por tanto susceptible de suspensi\u00f3n y de indemnizaci\u00f3n por da\u00f1o, la producci\u00f3n de ruidos nocivos o molestos, cualesquiera fuere su origen y el lugar en que se produzcan\u201d,<\/em> art\u00edculo 2.<\/p>\n<p>Normas \u00a0ambientales para la protecci\u00f3n contra ruidos.<\/p>\n<p>3.5. Diurno: per\u00edodo comprendido entre 7:00 a.m. a 9:00 p.m.<\/p>\n<p><strong>POST EVENTO<\/strong><\/p>\n<p>Este hecho toc\u00f3 los sentimientos de los m\u00e1s altos mandos en el pa\u00eds, como el presidente Luis Abinader Corona y la vicepresidenta Raquel Pe\u00f1a. \u201cQue caiga todo el peso de la ley\u201d, expres\u00f3 la vicemandataria, luego que diera el p\u00e9same a los familiares del menor y agreg\u00f3 que es una exigencia que tambi\u00e9n hace el presidente de la Rep\u00fablica, Luis Abinader y todo el Gobierno.<\/p>\n<p>La cosa no se queda ah\u00ed, a ra\u00edz del hecho, muchos han aprovechado la coyuntura para demostrar poder e irrespeto a las autoridades desafiando as\u00ed la misma.<\/p>\n<p>En el d\u00eda de ayer, jueves 16 de febrero, cientos de veh\u00edculos con equipos de sonidos de \u201calta gama\u201d, valorados en cientos de miles de pesos cada uno, salieron por las calles y avenidas de Santiago, mostrando que ellos pueden tener m\u00fasica en sus veh\u00edculos, la gente los llama \u201cmusic\u00f3logos\u201d, pues no dejan de ser ciudadanos es cierto, pero esa marcha significa una afrenta y como la ley lo establece, irrumpen con la paz del ciudadano.<\/p>\n<p>El recorrido toc\u00f3 puntos como el Palacio de Justicia, ubicado en la avenida 27 de febrero, con calle E. Guerrero, colindando con la avenida Circunvalaci\u00f3n y los sectores de la Joya, Baracoa y gran parte de la zona c\u00e9ntrica, subiendo por la avenida Hermanas Mirabal.<\/p>\n<p><strong>Justicia.<\/strong><\/p>\n<p>\u00a1A qu\u00e9 le llamamos, \u201cJusticia?\u201d a salir a las calles a quemar neum\u00e1ticos o como esta protesta antes descrita, es cierto el conflicto provino por una bocina, aun m\u00e1s, fue por la impotencia de un hombre que le violen sus derechos, usando su fuerza f\u00edsica para reclamar los mismos.<\/p>\n<p>El ni\u00f1o\u00a0 Donally Mart\u00ednez, ya no est\u00e1 y nada de esto lo har\u00e1 volver, solo nos queda, hacer la reflexi\u00f3n de lo que est\u00e1 mal y lo que debemos cambiar, para que estas situaciones no vuelvan a ocurrir, que la sangre de ning\u00fan inocente vuelva a caer en las calles, por un hombre de gris.<\/p>\n<p>Impactos: 43<\/p>","protected":false},"excerpt":{"rendered":"<p>Por\u00a0EVELIN VALDEZ\u00a0 Cinco d\u00edas han transcurrido desde aquel hecho que arrop\u00f3, no solo a una familia, sino, a una ciudad, un pa\u00eds, recorriendo cada<\/p>\n","protected":false},"author":3,"featured_media":17731,"comment_status":"closed","ping_status":"closed","sticky":false,"template":"","format":"standard","meta":[],"categories":[7],"tags":[],"_links":{"self":[{"href":"https:\/\/hormigaradio.com\/index.php?rest_route=\/wp\/v2\/posts\/17727"}],"collection":[{"href":"https:\/\/hormigaradio.com\/index.php?rest_route=\/wp\/v2\/posts"}],"about":[{"href":"https:\/\/hormigaradio.com\/index.php?rest_route=\/wp\/v2\/types\/post"}],"author":[{"embeddable":true,"href":"https:\/\/hormigaradio.com\/index.php?rest_route=\/wp\/v2\/users\/3"}],"replies":[{"embeddable":true,"href":"https:\/\/hormigaradio.com\/index.php?rest_route=%2Fwp%2Fv2%2Fcomments&post=17727"}],"version-history":[{"count":4,"href":"https:\/\/hormigaradio.com\/index.php?rest_route=\/wp\/v2\/posts\/17727\/revisions"}],"predecessor-version":[{"id":17733,"href":"https:\/\/hormigaradio.com\/index.php?rest_route=\/wp\/v2\/posts\/17727\/revisions\/17733"}],"wp:featuredmedia":[{"embeddable":true,"href":"https:\/\/hormigaradio.com\/index.php?rest_route=\/wp\/v2\/media\/17731"}],"wp:attachment":[{"href":"https:\/\/hormigaradio.com\/index.php?rest_route=%2Fwp%2Fv2%2Fmedia&parent=17727"}],"wp:term":[{"taxonomy":"category","embeddable":true,"href":"https:\/\/hormigaradio.com\/index.php?rest_route=%2Fwp%2Fv2%2Fcategories&post=17727"},{"taxonomy":"post_tag","embeddable":true,"href":"https:\/\/hormigaradio.com\/index.php?rest_route=%2Fwp%2Fv2%2Ftags&post=17727"}],"curies":[{"name":"wp","href":"https:\/\/api.w.org\/{rel}","templated":true}]}}