{"id":17734,"date":"2023-02-17T19:22:18","date_gmt":"2023-02-17T19:22:18","guid":{"rendered":"https:\/\/hormigaradio.com\/?p=17734"},"modified":"2023-02-17T19:22:18","modified_gmt":"2023-02-17T19:22:18","slug":"adolescente-muerta-fue-sometida-a-sexo-violento-y-sangrado-desencadeno-shock-hipovolemico","status":"publish","type":"post","link":"https:\/\/hormigaradio.com\/?p=17734","title":{"rendered":"ADOLESCENTE MUERTA FUE SOMETIDA A SEXO VIOLENTO Y SANGRADO DESENCADEN\u00d3 SHOCK HIPOVOL\u00c9MICO"},"content":{"rendered":"<p><img loading=\"lazy\" class=\"size-medium wp-image-17722 alignleft\" src=\"http:\/\/hormigaradio.com\/wp-content\/uploads\/2023\/02\/Captura-de-pantalla-2023-02-14-211430-300x208.png\" alt=\"\" width=\"300\" height=\"208\" srcset=\"https:\/\/hormigaradio.com\/wp-content\/uploads\/2023\/02\/Captura-de-pantalla-2023-02-14-211430-300x208.png 300w, https:\/\/hormigaradio.com\/wp-content\/uploads\/2023\/02\/Captura-de-pantalla-2023-02-14-211430-1024x711.png 1024w, https:\/\/hormigaradio.com\/wp-content\/uploads\/2023\/02\/Captura-de-pantalla-2023-02-14-211430-768x533.png 768w, https:\/\/hormigaradio.com\/wp-content\/uploads\/2023\/02\/Captura-de-pantalla-2023-02-14-211430.png 1368w\" sizes=\"(max-width: 300px) 100vw, 300px\" \/>Por\u00a0<a class=\"text-font font-700\" href=\"https:\/\/acento.com.do\/autor\/index.html?user_slug=servicios\">SERVICIOS DE ACENTO.COM.DO<\/a><\/p>\n<p>Los an\u00e1lisis realizados por el Instituto Nacional de Ciencias Forenses (Inacif) arrojaron que la adolescente muerta recientemente en Hig\u00fcey fue\u00a0<strong>sometida a una actividad sexual violenta<\/strong>\u00a0que caus\u00f3 un\u00a0<strong>sangrado<\/strong>\u00a0el que a su vez desencaden\u00f3 en un\u00a0<strong>shock hipovol\u00e9mico<\/strong>, de lo que se responsabiliza a su profesor y a un primo de este.<\/p>\n<p>Con ello, el Ministerio P\u00fablico deposit\u00f3 este jueves ante la Oficina Judicial de Servicios de Atenci\u00f3n Permanente de La Altagracia la solicitud de<strong>\u00a0medida de coerci\u00f3n en contra del profesor y su primo<\/strong>\u00a0por la muerte de la adolescente de 16 a\u00f1os de edad, en la comunidad Vista Alegre, del distrito municipal La Otra Banda, en el municipio Hig\u00fcey.<\/p>\n<p>La Fiscal\u00eda solicit\u00f3<strong>\u00a012 meses de prisi\u00f3n preventiva en contra del profesor John Kelly Mart\u00ednez<\/strong>, quien es imputado como principal sospechoso de la muerte de la adolescente de iniciales ERM.<\/p>\n<p>El \u00f3rgano de justicia tambi\u00e9n pidi\u00f3 la imposici\u00f3n de presentaci\u00f3n peri\u00f3dica en contra de Rubiel Morrillo Mart\u00ednez, primo del imputado, por su complicidad en el hecho.<\/p>\n<p>El Ministerio P\u00fablico ha dado la calificaci\u00f3n jur\u00eddica provisional a los hechos cometidos por el imputado como violaci\u00f3n sexual y asociaci\u00f3n de malhechores para cometer un delito, previstos en los art\u00edculos 265, 266 y 331 del C\u00f3digo Penal Dominicano.<\/p>\n<p>La investigaci\u00f3n indica que en horas de la noche del pasado 12 de febrero la adolescente sali\u00f3 de su hogar, donde resid\u00eda con sus padres en Vista Alegre, en compa\u00f1\u00eda del maestro, as\u00ed como de Morrillo Mart\u00ednez y otras tres alumnas menores de edad.<\/p>\n<p>Al retornar a su hogar, alrededor de las 12:00 de la noche, la joven lleg\u00f3 p\u00e1lida y sangrando, por lo que sus padres la ayudaron y qued\u00f3 en su habitaci\u00f3n.<\/p>\n<p>Los padres de la adolescente encontraron a la menor sin vida en el ba\u00f1o de su residencia al d\u00eda siguiente.<\/p>\n<h1 class=\"art_titulo\">Ministro &#8220;profundamente avergonzado\u201d<\/h1>\n<p>El ministro de Educaci\u00f3n, \u00c1ngel Hern\u00e1ndez, lament\u00f3 este jueves la muerte de la estudiante tras ser sometida supuestamente a una \u201cactividad sexual violenta\u201d por su profesor de Matem\u00e1ticas, John Kelly Mart\u00ednez.<\/p>\n<p>Hern\u00e1ndez indic\u00f3 en cuenta de Twitter sentirse \u201cprofundamente avergonzado\u201d por este hecho sufrido por la estudiante del nivel secundario en un centro de educaci\u00f3n p\u00fablica.<\/p>\n<p>Los padres de la adolescente \u201cconfiaron\u201d en la educaci\u00f3n brindada en el Polit\u00e9cnico de La Otra Banda en Hig\u00fcey, pero el aparente responsable\u00a0de un hecho que \u201cnunca debi\u00f3 ocurrir\u201d es un docente cuyo sueldo es pagado por el Ministerio.<\/p>\n<div class=\"twitter-tweet twitter-tweet-rendered\"><iframe id=\"twitter-widget-0\" class=\"\" title=\"Twitter Tweet\" src=\"https:\/\/platform.twitter.com\/embed\/Tweet.html?creatorScreenName=Frontaly&amp;dnt=false&amp;embedId=twitter-widget-0&amp;features=eyJ0ZndfdGltZWxpbmVfbGlzdCI6eyJidWNrZXQiOltdLCJ2ZXJzaW9uIjpudWxsfSwidGZ3X2ZvbGxvd2VyX2NvdW50X3N1bnNldCI6eyJidWNrZXQiOnRydWUsInZlcnNpb24iOm51bGx9LCJ0ZndfdHdlZXRfZWRpdF9iYWNrZW5kIjp7ImJ1Y2tldCI6Im9uIiwidmVyc2lvbiI6bnVsbH0sInRmd19yZWZzcmNfc2Vzc2lvbiI6eyJidWNrZXQiOiJvbiIsInZlcnNpb24iOm51bGx9LCJ0Zndfc2hvd19idXNpbmVzc192ZXJpZmllZF9iYWRnZSI6eyJidWNrZXQiOiJvbiIsInZlcnNpb24iOm51bGx9LCJ0ZndfbWl4ZWRfbWVkaWFfMTU4OTciOnsiYnVja2V0IjoidHJlYXRtZW50IiwidmVyc2lvbiI6bnVsbH0sInRmd19leHBlcmltZW50c19jb29raWVfZXhwaXJhdGlvbiI6eyJidWNrZXQiOjEyMDk2MDAsInZlcnNpb24iOm51bGx9LCJ0ZndfZHVwbGljYXRlX3NjcmliZXNfdG9fc2V0dGluZ3MiOnsiYnVja2V0Ijoib24iLCJ2ZXJzaW9uIjpudWxsfSwidGZ3X3ZpZGVvX2hsc19keW5hbWljX21hbmlmZXN0c18xNTA4MiI6eyJidWNrZXQiOiJ0cnVlX2JpdHJhdGUiLCJ2ZXJzaW9uIjpudWxsfSwidGZ3X3Nob3dfYmx1ZV92ZXJpZmllZF9iYWRnZSI6eyJidWNrZXQiOiJvbiIsInZlcnNpb24iOm51bGx9LCJ0ZndfbGVnYWN5X3RpbWVsaW5lX3N1bnNldCI6eyJidWNrZXQiOnRydWUsInZlcnNpb24iOm51bGx9LCJ0Zndfc2hvd19nb3ZfdmVyaWZpZWRfYmFkZ2UiOnsiYnVja2V0Ijoib24iLCJ2ZXJzaW9uIjpudWxsfSwidGZ3X3Nob3dfYnVzaW5lc3NfYWZmaWxpYXRlX2JhZGdlIjp7ImJ1Y2tldCI6Im9uIiwidmVyc2lvbiI6bnVsbH0sInRmd190d2VldF9lZGl0X2Zyb250ZW5kIjp7ImJ1Y2tldCI6Im9uIiwidmVyc2lvbiI6bnVsbH19&amp;frame=false&amp;hideCard=false&amp;hideThread=false&amp;id=1626387425701371905&amp;lang=es&amp;origin=https%3A%2F%2Facento.com.do%2Factualidad%2Fadolescente-muerta-en-higuey-fue-sometida-a-actividad-sexual-violenta-y-sangrado-desencadeno-shock-hipovolemico-9165040.html&amp;sessionId=fe364c1cf6d6fa344824ccec451b9a2017aeb878&amp;siteScreenName=acentodiario&amp;theme=light&amp;widgetsVersion=aaf4084522e3a%3A1674595607486&amp;width=550px\" frameborder=\"0\" scrolling=\"no\" allowfullscreen=\"allowfullscreen\" data-gtm-yt-inspected-2=\"true\" data-gtm-yt-inspected-11=\"true\" data-tweet-id=\"1626387425701371905\" data-mce-fragment=\"1\"><\/iframe><\/div>\n<p>&nbsp;<\/p>\n<h1 class=\"art_titulo\">Raquel Arbaje: \u201cNo hay ni habr\u00e1 nunca justificaci\u00f3n\u201d<\/h1>\n<p>La primera dama Raquel Arbaje lament\u00f3 este jueves la muerte de la joven de 16 a\u00f1os y como\u00a0presidenta del Gabinete de Ni\u00f1ez y Adolescencia indic\u00f3 en un comunicado que &#8220;no puede haber justificaci\u00f3n alguna&#8221;.<\/p>\n<p>\u201cEl hecho ha conmovido profundamente a la sociedad dominicana, que va conociendo horrorizada las circunstancias en que Esmeralda perdi\u00f3 la vida. No hay ni habr\u00e1 nunca justificaci\u00f3n alguna para su presunto victimario, ni sentencia que haga menos dolorosa la p\u00e9rdida social y familiar que esta muerte significa\u201d.<\/p>\n<picture class=\"image\"><img loading=\"lazy\" src=\"https:\/\/acentos3.s3.us-east-2.amazonaws.com\/media\/storage02\/uploads\/2023\/02\/comunicado-1-full-728x410.webp\" alt=\"\" width=\"703\" height=\"846\" \/><\/picture>\n<p>Impactos: 36<\/p>","protected":false},"excerpt":{"rendered":"<p>Por\u00a0SERVICIOS DE ACENTO.COM.DO Los an\u00e1lisis realizados por el Instituto Nacional de Ciencias Forenses (Inacif) arrojaron que la adolescente muerta recientemente en Hig\u00fcey fue\u00a0sometida a<\/p>\n","protected":false},"author":3,"featured_media":17721,"comment_status":"closed","ping_status":"closed","sticky":false,"template":"","format":"standard","meta":[],"categories":[3],"tags":[],"_links":{"self":[{"href":"https:\/\/hormigaradio.com\/index.php?rest_route=\/wp\/v2\/posts\/17734"}],"collection":[{"href":"https:\/\/hormigaradio.com\/index.php?rest_route=\/wp\/v2\/posts"}],"about":[{"href":"https:\/\/hormigaradio.com\/index.php?rest_route=\/wp\/v2\/types\/post"}],"author":[{"embeddable":true,"href":"https:\/\/hormigaradio.com\/index.php?rest_route=\/wp\/v2\/users\/3"}],"replies":[{"embeddable":true,"href":"https:\/\/hormigaradio.com\/index.php?rest_route=%2Fwp%2Fv2%2Fcomments&post=17734"}],"version-history":[{"count":1,"href":"https:\/\/hormigaradio.com\/index.php?rest_route=\/wp\/v2\/posts\/17734\/revisions"}],"predecessor-version":[{"id":17735,"href":"https:\/\/hormigaradio.com\/index.php?rest_route=\/wp\/v2\/posts\/17734\/revisions\/17735"}],"wp:featuredmedia":[{"embeddable":true,"href":"https:\/\/hormigaradio.com\/index.php?rest_route=\/wp\/v2\/media\/17721"}],"wp:attachment":[{"href":"https:\/\/hormigaradio.com\/index.php?rest_route=%2Fwp%2Fv2%2Fmedia&parent=17734"}],"wp:term":[{"taxonomy":"category","embeddable":true,"href":"https:\/\/hormigaradio.com\/index.php?rest_route=%2Fwp%2Fv2%2Fcategories&post=17734"},{"taxonomy":"post_tag","embeddable":true,"href":"https:\/\/hormigaradio.com\/index.php?rest_route=%2Fwp%2Fv2%2Ftags&post=17734"}],"curies":[{"name":"wp","href":"https:\/\/api.w.org\/{rel}","templated":true}]}}