{"id":17736,"date":"2023-02-19T19:10:12","date_gmt":"2023-02-19T19:10:12","guid":{"rendered":"https:\/\/hormigaradio.com\/?p=17736"},"modified":"2023-02-19T19:10:22","modified_gmt":"2023-02-19T19:10:22","slug":"era-medico-e-hijo-de-profesor-universitario-hombre-se-lanzo-edicion-hospital-metropolitano-en-santiago","status":"publish","type":"post","link":"https:\/\/hormigaradio.com\/?p=17736","title":{"rendered":"ERA M\u00c9DICO E HIJO DE PROFESOR UNIVERSITARIO HOMBRE SE LANZ\u00d3 EDICI\u00d3N HOSPITAL METROPOLITANO EN SANTIAGO"},"content":{"rendered":"<p>Por\u00a0<a class=\"text-font font-700\" href=\"https:\/\/acento.com.do\/autor\/index.html?user_slug=mlaureano\">M\u00c1XIMO LAUREANO<\/a><\/p>\n<p>Ha sido identificado como m\u00e9dico, el hombre que la tarde del s\u00e1bado, se lanz\u00f3 del s\u00e9ptimo piso de una de las torres (Edificio Profesional) del Hospital Metropolitano de Santiago (HOMS), ubicado en el sector Villa Mar\u00eda, en la Autopista Duarte, a la entrada de Santiago de los Caballeros.<\/p>\n<p><strong>Reportes de la Defensa Civil, sobre el caso, dan cuenta de que la persona fallecida, tras lanzarse del edificio, respond\u00eda al nombre de Nicol\u00e1s Kardoch, de 35 a\u00f1os de edad,<\/strong> hijo del m\u00e9dico y profesor de la Universidad Aut\u00f3noma de Santo Domingo (UASD), recinto Santiago, Halin Kardoch.<\/p>\n<p>Tras el hecho, la administraci\u00f3n del hospital difundi\u00f3 un comunicado, en el cual notific\u00f3 lo ocurrido, pero sin la identificaci\u00f3n del fallecido y sin otros detalles de lo acontecido, aunque hay versiones de que algunos empleados del centro de salud, lo vieron subir al edificio.<\/p>\n<p>En relaci\u00f3n al hecho, la vocer\u00eda del HOMS, ha informado que est\u00e1n a la espera del reporte del Instituto Nacional de Ciencias Forense (Inacif) y la Procuradur\u00eda Fiscal de Santiago, para completar los datos oficiales, sobre el suicidio.<\/p>\n<p>Impactos: 42<\/p>","protected":false},"excerpt":{"rendered":"<p>Por\u00a0M\u00c1XIMO LAUREANO Ha sido identificado como m\u00e9dico, el hombre que la tarde del s\u00e1bado, se lanz\u00f3 del s\u00e9ptimo piso de una de las torres<\/p>\n","protected":false},"author":3,"featured_media":17737,"comment_status":"closed","ping_status":"closed","sticky":false,"template":"","format":"standard","meta":[],"categories":[3],"tags":[],"_links":{"self":[{"href":"https:\/\/hormigaradio.com\/index.php?rest_route=\/wp\/v2\/posts\/17736"}],"collection":[{"href":"https:\/\/hormigaradio.com\/index.php?rest_route=\/wp\/v2\/posts"}],"about":[{"href":"https:\/\/hormigaradio.com\/index.php?rest_route=\/wp\/v2\/types\/post"}],"author":[{"embeddable":true,"href":"https:\/\/hormigaradio.com\/index.php?rest_route=\/wp\/v2\/users\/3"}],"replies":[{"embeddable":true,"href":"https:\/\/hormigaradio.com\/index.php?rest_route=%2Fwp%2Fv2%2Fcomments&post=17736"}],"version-history":[{"count":1,"href":"https:\/\/hormigaradio.com\/index.php?rest_route=\/wp\/v2\/posts\/17736\/revisions"}],"predecessor-version":[{"id":17738,"href":"https:\/\/hormigaradio.com\/index.php?rest_route=\/wp\/v2\/posts\/17736\/revisions\/17738"}],"wp:featuredmedia":[{"embeddable":true,"href":"https:\/\/hormigaradio.com\/index.php?rest_route=\/wp\/v2\/media\/17737"}],"wp:attachment":[{"href":"https:\/\/hormigaradio.com\/index.php?rest_route=%2Fwp%2Fv2%2Fmedia&parent=17736"}],"wp:term":[{"taxonomy":"category","embeddable":true,"href":"https:\/\/hormigaradio.com\/index.php?rest_route=%2Fwp%2Fv2%2Fcategories&post=17736"},{"taxonomy":"post_tag","embeddable":true,"href":"https:\/\/hormigaradio.com\/index.php?rest_route=%2Fwp%2Fv2%2Ftags&post=17736"}],"curies":[{"name":"wp","href":"https:\/\/api.w.org\/{rel}","templated":true}]}}