{"id":17748,"date":"2023-02-20T15:14:57","date_gmt":"2023-02-20T15:14:57","guid":{"rendered":"https:\/\/hormigaradio.com\/?p=17748"},"modified":"2023-02-20T15:14:57","modified_gmt":"2023-02-20T15:14:57","slug":"dictan-coercion-de-un-ano-a-john-kelly-martinez-por-la-muerte-de-esmeralda-richiez","status":"publish","type":"post","link":"https:\/\/hormigaradio.com\/?p=17748","title":{"rendered":"DICTAN COERCI\u00d3N DE UN A\u00d1O A JOHN KELLY MART\u00cdNEZ POR LA MUERTE DE ESMERALDA RICHIEZ"},"content":{"rendered":"<p><img loading=\"lazy\" class=\"size-medium wp-image-17722 alignleft\" src=\"http:\/\/hormigaradio.com\/wp-content\/uploads\/2023\/02\/Captura-de-pantalla-2023-02-14-211430-300x208.png\" alt=\"\" width=\"300\" height=\"208\" srcset=\"https:\/\/hormigaradio.com\/wp-content\/uploads\/2023\/02\/Captura-de-pantalla-2023-02-14-211430-300x208.png 300w, https:\/\/hormigaradio.com\/wp-content\/uploads\/2023\/02\/Captura-de-pantalla-2023-02-14-211430-1024x711.png 1024w, https:\/\/hormigaradio.com\/wp-content\/uploads\/2023\/02\/Captura-de-pantalla-2023-02-14-211430-768x533.png 768w, https:\/\/hormigaradio.com\/wp-content\/uploads\/2023\/02\/Captura-de-pantalla-2023-02-14-211430.png 1368w\" sizes=\"(max-width: 300px) 100vw, 300px\" \/>Por\u00a0<a class=\"text-font font-700\" href=\"https:\/\/acento.com.do\/autor\/index.html?user_slug=servicios\">SERVICIOS DE ACENTO.COM.DO<\/a><\/p>\n<p>La Oficina Judicial de Servicios de Atenci\u00f3n Permanente de\u00a0<strong>Hig\u00fcey<\/strong>\u00a0dict\u00f3 prisi\u00f3n preventiva consistente en un a\u00f1o a\u00a0<strong>John Kelly Mart\u00ednez<\/strong>, principal acusado de la muerte de\u00a0<strong>Esmeralda Richiez<\/strong>,\u00a0de 16 a\u00f1os.<\/p>\n<p>Seg\u00fan la disposici\u00f3n,\u00a0<strong>Mart\u00ednez<\/strong>\u00a0deber\u00e1 cumplir la medida en el\u00a0Centro de Correcci\u00f3n y Rehabilitaci\u00f3n CCR-14 de Anamuya, de la provincia La Altagracia.<\/p>\n<p>El pasado jueves 16, el\u00a0Ministerio P\u00fablico deposit\u00f3 ante la Oficina Judicial de Servicios de Atenci\u00f3n Permanente de La Altagracia la solicitud de<strong>\u00a0medida de coerci\u00f3n en contra del profesor y su primo,\u00a0Rubier Morrillo Mart\u00ednez,<\/strong>\u00a0por la muerte de la adolescente de 16 a\u00f1os de edad, en la comunidad Vista Alegre, del distrito municipal La Otra Banda, en el municipio\u00a0<strong>Hig\u00fcey.<\/strong><\/p>\n<p>La investigaci\u00f3n indica que en horas de la noche del pasado 12 de febrero la adolescente sali\u00f3 de su hogar, donde resid\u00eda con sus padres en\u00a0<strong>Vista Alegre<\/strong>, en compa\u00f1\u00eda del maestro, as\u00ed como de\u00a0<strong>Morrillo Mart\u00ednez<\/strong>\u00a0y otras tres alumnas menores de edad.<\/p>\n<p>Al retornar a su hogar, alrededor de las 12:00 de la noche, la joven lleg\u00f3 p\u00e1lida y sangrando, por lo que sus padres la ayudaron y qued\u00f3 en su habitaci\u00f3n.<\/p>\n<p>Los padres de la adolescente encontraron a la menor sin vida en el ba\u00f1o de su residencia al d\u00eda siguiente.<\/p>\n<p>Los an\u00e1lisis realizados por el Instituto Nacional de Ciencias Forenses\u00a0<strong>(Inacif)<\/strong>\u00a0arrojaron que la adolescente muerta recientemente en Hig\u00fcey fue\u00a0<strong>sometida a una actividad sexual violenta<\/strong>\u00a0que caus\u00f3 un\u00a0<strong>sangrado<\/strong>\u00a0el que a su vez desencaden\u00f3 en un\u00a0<strong>shock hipovol\u00e9mico.<\/strong><\/p>\n<p>Impactos: 43<\/p>","protected":false},"excerpt":{"rendered":"<p>Por\u00a0SERVICIOS DE ACENTO.COM.DO La Oficina Judicial de Servicios de Atenci\u00f3n Permanente de\u00a0Hig\u00fcey\u00a0dict\u00f3 prisi\u00f3n preventiva consistente en un a\u00f1o a\u00a0John Kelly Mart\u00ednez, principal acusado de<\/p>\n","protected":false},"author":3,"featured_media":17722,"comment_status":"closed","ping_status":"closed","sticky":false,"template":"","format":"standard","meta":[],"categories":[3],"tags":[],"_links":{"self":[{"href":"https:\/\/hormigaradio.com\/index.php?rest_route=\/wp\/v2\/posts\/17748"}],"collection":[{"href":"https:\/\/hormigaradio.com\/index.php?rest_route=\/wp\/v2\/posts"}],"about":[{"href":"https:\/\/hormigaradio.com\/index.php?rest_route=\/wp\/v2\/types\/post"}],"author":[{"embeddable":true,"href":"https:\/\/hormigaradio.com\/index.php?rest_route=\/wp\/v2\/users\/3"}],"replies":[{"embeddable":true,"href":"https:\/\/hormigaradio.com\/index.php?rest_route=%2Fwp%2Fv2%2Fcomments&post=17748"}],"version-history":[{"count":1,"href":"https:\/\/hormigaradio.com\/index.php?rest_route=\/wp\/v2\/posts\/17748\/revisions"}],"predecessor-version":[{"id":17749,"href":"https:\/\/hormigaradio.com\/index.php?rest_route=\/wp\/v2\/posts\/17748\/revisions\/17749"}],"wp:featuredmedia":[{"embeddable":true,"href":"https:\/\/hormigaradio.com\/index.php?rest_route=\/wp\/v2\/media\/17722"}],"wp:attachment":[{"href":"https:\/\/hormigaradio.com\/index.php?rest_route=%2Fwp%2Fv2%2Fmedia&parent=17748"}],"wp:term":[{"taxonomy":"category","embeddable":true,"href":"https:\/\/hormigaradio.com\/index.php?rest_route=%2Fwp%2Fv2%2Fcategories&post=17748"},{"taxonomy":"post_tag","embeddable":true,"href":"https:\/\/hormigaradio.com\/index.php?rest_route=%2Fwp%2Fv2%2Ftags&post=17748"}],"curies":[{"name":"wp","href":"https:\/\/api.w.org\/{rel}","templated":true}]}}