{"id":18173,"date":"2023-05-14T19:48:40","date_gmt":"2023-05-14T19:48:40","guid":{"rendered":"https:\/\/hormigaradio.com\/?p=18173"},"modified":"2023-05-14T19:54:15","modified_gmt":"2023-05-14T19:54:15","slug":"familia-abel-martinez-agradece-solidaridad-y-anuncian-actos-funebres-madre-candidato","status":"publish","type":"post","link":"https:\/\/hormigaradio.com\/?p=18173","title":{"rendered":"FAMILIA ABEL MARTINEZ AGRADECE SOLIDARIDAD Y ANUNCIAN ACTOS  F\u00daNEBRES MADRE CANDIDATO"},"content":{"rendered":"<p><img loading=\"lazy\" class=\"alignnone wp-image-15152\" src=\"http:\/\/hormigaradio.com\/wp-content\/uploads\/2022\/01\/FIRMA-para-Hormiga-Radio-300x158.jpeg\" alt=\"\" width=\"80\" height=\"42\" \/><\/p>\n<p style=\"font-weight: 400;\">La familia Mart\u00ednez Dur\u00e1n, agradece las manifestaciones de solidaridad recibidas, a ra\u00edz de la muerte de su adorada madre, do\u00f1a M\u00e9lida Dur\u00e1n Vargas, quien falleci\u00f3 hoy domingo 14 de mayo, a las 8:00 a.m., a la edad de 95 a\u00f1os.<\/p>\n<p style=\"font-weight: 400;\">A trav\u00e9s de un comunicado de prensa, la familia Mart\u00ednez Dur\u00e1n inform\u00f3 que las honras f\u00fanebres de do\u00f1a M\u00e9lida se realizar\u00e1n hoy domingo de 4:00 p.m. a 10:00 p.m.\u00a0\u00a0y ma\u00f1ana lunes 15 de mayo, a partir de las 9:00 a.m., en la Capilla A, ubicada en el Parque Memorial Fuente de Luz en la Ave. Circunvalaci\u00f3n de Santiago.<\/p>\n<p style=\"font-weight: 400;\">El lunes 15 de mayo, se oficiar\u00e1 una misa de cuerpo presente a las 3:00 p.m., en la parroquia del mismo Parque Memorial Fuente de Luz, para, posteriormente, dar cristiana sepultura.<\/p>\n<p style=\"font-weight: 400;\">Do\u00f1a M\u00e9lida Dur\u00e1n Vargas fue una educadora que dedic\u00f3 30 a\u00f1os de su vida a la formaci\u00f3n de generaciones en su natal Hato Viejo, Monci\u00f3n.\u00a0\u00a0Junto a su fenecido esposo Ram\u00f3n Mart\u00ednez, procre\u00f3 15 hijos; nueve varones y seis hembras, todos sobrevivientes: Enriquillo, Rosa, Guaroa, Galindo, Flavia, Wilfredo, Anica, Domingo, Luisa, Anacaona, V\u00edctor, Midalma, Mayobanex, Atuey y Abel.<\/p>\n<p style=\"font-weight: 400;\">\u201cNuestra madre amada est\u00e1 en los brazos del Se\u00f1or, su ejemplo de vida y legado estar\u00e1 siempre con nosotros, como la madre abnegada y amorosa que siempre fue\u201d.<\/p>\n<p>Impactos: 63<\/p>","protected":false},"excerpt":{"rendered":"<p>La familia Mart\u00ednez Dur\u00e1n, agradece las manifestaciones de solidaridad recibidas, a ra\u00edz de la muerte de su adorada madre, do\u00f1a M\u00e9lida Dur\u00e1n Vargas, quien<\/p>\n","protected":false},"author":3,"featured_media":18175,"comment_status":"closed","ping_status":"closed","sticky":false,"template":"","format":"standard","meta":[],"categories":[3],"tags":[],"_links":{"self":[{"href":"https:\/\/hormigaradio.com\/index.php?rest_route=\/wp\/v2\/posts\/18173"}],"collection":[{"href":"https:\/\/hormigaradio.com\/index.php?rest_route=\/wp\/v2\/posts"}],"about":[{"href":"https:\/\/hormigaradio.com\/index.php?rest_route=\/wp\/v2\/types\/post"}],"author":[{"embeddable":true,"href":"https:\/\/hormigaradio.com\/index.php?rest_route=\/wp\/v2\/users\/3"}],"replies":[{"embeddable":true,"href":"https:\/\/hormigaradio.com\/index.php?rest_route=%2Fwp%2Fv2%2Fcomments&post=18173"}],"version-history":[{"count":1,"href":"https:\/\/hormigaradio.com\/index.php?rest_route=\/wp\/v2\/posts\/18173\/revisions"}],"predecessor-version":[{"id":18174,"href":"https:\/\/hormigaradio.com\/index.php?rest_route=\/wp\/v2\/posts\/18173\/revisions\/18174"}],"wp:featuredmedia":[{"embeddable":true,"href":"https:\/\/hormigaradio.com\/index.php?rest_route=\/wp\/v2\/media\/18175"}],"wp:attachment":[{"href":"https:\/\/hormigaradio.com\/index.php?rest_route=%2Fwp%2Fv2%2Fmedia&parent=18173"}],"wp:term":[{"taxonomy":"category","embeddable":true,"href":"https:\/\/hormigaradio.com\/index.php?rest_route=%2Fwp%2Fv2%2Fcategories&post=18173"},{"taxonomy":"post_tag","embeddable":true,"href":"https:\/\/hormigaradio.com\/index.php?rest_route=%2Fwp%2Fv2%2Ftags&post=18173"}],"curies":[{"name":"wp","href":"https:\/\/api.w.org\/{rel}","templated":true}]}}