{"id":18179,"date":"2023-05-15T03:20:19","date_gmt":"2023-05-15T03:20:19","guid":{"rendered":"https:\/\/hormigaradio.com\/?p=18179"},"modified":"2023-05-15T03:24:30","modified_gmt":"2023-05-15T03:24:30","slug":"el-presidente-abinader-ofrecera-condolencias-a-abel-martinez-este-lunes","status":"publish","type":"post","link":"https:\/\/hormigaradio.com\/?p=18179","title":{"rendered":"EL PRESIDENTE ABINADER OFRECER\u00c1 CONDOLENCIAS A ABEL MART\u00cdNEZ ESTE LUNES"},"content":{"rendered":"<p>Por\u00a0<a class=\"text-font font-700\" href=\"https:\/\/acento.com.do\/autor\/index.html?user_slug=servicios\">SERVICIOS DE ACENTO.COM.DO<\/a><\/p>\n<p>El presidente\u00a0<strong>Luis Abinader<\/strong>\u00a0se trasladar\u00e1 este lunes a\u00a0<strong>Santiago de los Caballeros<\/strong>\u00a0para ofrecer sus condolencias al alcalde de esa ciudad,\u00a0<strong>Abel Mart\u00ednez<\/strong>, por el fallecimiento de su madre, do\u00f1a\u00a0<strong>M\u00e9lida Dur\u00e1n<\/strong>.<\/p>\n<p>El mandatario llegar\u00eda a las 10:20 de la ma\u00f1ana al Parque Memorial Fuente de Luz, de\u00a0<strong>Santiago<\/strong>, seg\u00fan inform\u00f3 el director de Estrategia y Comunicaci\u00f3n Gubernamental y vocero de la Presidencia,\u00a0<strong>Homero Figueroa<\/strong>.<\/p>\n<p>\u201cEl presidente @luisabinader llegar\u00e1 a las 10:20 de la ma\u00f1ana a la ciudad de Santiago para presentar sus condolencias personalmente a @AbelMartinezD y su familia por la muerte de su madre, M\u00e9lida Dur\u00e1n\u201d, inform\u00f3 el vocero.<\/p>\n<p>La se\u00f1ora Dur\u00e1n falleci\u00f3 la ma\u00f1ana de este domingo tras permanecer ingresada por varios d\u00edas por complicaciones de salud en el Hospital Metropolitano de Santiago (HOMS). Ten\u00eda 95 a\u00f1os.<\/p>\n<p>Tras darse a conocer la noticia del deceso, el presidente\u00a0<strong>Abinader<\/strong>\u00a0y la primera dama,\u00a0<strong>Raquel Arbaje<\/strong>, expresaron sus condolencias al alcalde de Santiago y a sus familiares.<\/p>\n<p>&#8220;Mis oraciones est\u00e1n con\u00a0<strong>Abel Mart\u00ednez<\/strong>\u00a0y su familia en estos momentos. Que el amor de su madre,\u00a0<strong>M\u00e9lida Dur\u00e1n<\/strong>, les d\u00e9 la fuerza y la tranquilidad que necesitan. Mis m\u00e1s sinceras condolencias. Paz a su alma&#8221;, expres\u00f3 el mandatario a trav\u00e9s de Twitter.<\/p>\n<p>Los restos de la se\u00f1ora Dur\u00e1n est\u00e1n siendo expuestos desde esta tarde en la Capilla A de La Funeraria Fuente de Luz en la avenida Circunvalaci\u00f3n Norte Km 2.5 Santiago de los Caballeros<\/p>\n<p>Impactos: 68<\/p>","protected":false},"excerpt":{"rendered":"<p>Por\u00a0SERVICIOS DE ACENTO.COM.DO El presidente\u00a0Luis Abinader\u00a0se trasladar\u00e1 este lunes a\u00a0Santiago de los Caballeros\u00a0para ofrecer sus condolencias al alcalde de esa ciudad,\u00a0Abel Mart\u00ednez, por el<\/p>\n","protected":false},"author":3,"featured_media":12219,"comment_status":"closed","ping_status":"closed","sticky":false,"template":"","format":"standard","meta":[],"categories":[6],"tags":[],"_links":{"self":[{"href":"https:\/\/hormigaradio.com\/index.php?rest_route=\/wp\/v2\/posts\/18179"}],"collection":[{"href":"https:\/\/hormigaradio.com\/index.php?rest_route=\/wp\/v2\/posts"}],"about":[{"href":"https:\/\/hormigaradio.com\/index.php?rest_route=\/wp\/v2\/types\/post"}],"author":[{"embeddable":true,"href":"https:\/\/hormigaradio.com\/index.php?rest_route=\/wp\/v2\/users\/3"}],"replies":[{"embeddable":true,"href":"https:\/\/hormigaradio.com\/index.php?rest_route=%2Fwp%2Fv2%2Fcomments&post=18179"}],"version-history":[{"count":1,"href":"https:\/\/hormigaradio.com\/index.php?rest_route=\/wp\/v2\/posts\/18179\/revisions"}],"predecessor-version":[{"id":18180,"href":"https:\/\/hormigaradio.com\/index.php?rest_route=\/wp\/v2\/posts\/18179\/revisions\/18180"}],"wp:featuredmedia":[{"embeddable":true,"href":"https:\/\/hormigaradio.com\/index.php?rest_route=\/wp\/v2\/media\/12219"}],"wp:attachment":[{"href":"https:\/\/hormigaradio.com\/index.php?rest_route=%2Fwp%2Fv2%2Fmedia&parent=18179"}],"wp:term":[{"taxonomy":"category","embeddable":true,"href":"https:\/\/hormigaradio.com\/index.php?rest_route=%2Fwp%2Fv2%2Fcategories&post=18179"},{"taxonomy":"post_tag","embeddable":true,"href":"https:\/\/hormigaradio.com\/index.php?rest_route=%2Fwp%2Fv2%2Ftags&post=18179"}],"curies":[{"name":"wp","href":"https:\/\/api.w.org\/{rel}","templated":true}]}}