{"id":18187,"date":"2023-05-18T16:07:53","date_gmt":"2023-05-18T16:07:53","guid":{"rendered":"https:\/\/hormigaradio.com\/?p=18187"},"modified":"2023-05-18T16:08:21","modified_gmt":"2023-05-18T16:08:21","slug":"asi-sucedio-incidente-donde-murio-joshua-omar-fernandez-y-al-que-vinculan-al-hijo-de-dotol-nastra","status":"publish","type":"post","link":"https:\/\/hormigaradio.com\/?p=18187","title":{"rendered":"AS\u00cd SUCEDI\u00d3 INCIDENTE DONDE MURI\u00d3 JOSHUA OMAR FERN\u00c1NDEZ Y AL QUE VINCULAN AL HIJO DE DOTOL NASTRA"},"content":{"rendered":"<p>Por SERVICIOS DE ACENTO.COM.DO<\/p>\n<p>En la madrugada del domingo 16 de abril del presente a\u00f1o, seg\u00fan la solicitud de medida de coerci\u00f3n, Wesley Vicent Carmona, (a)\u00a0<strong>El Dotolcito<\/strong>, llam\u00f3 al taxista de la\u00a0<strong>plataforma Indriv<\/strong>\u00a0Danil Ram\u00edrez Santana para que recogiera al nombrado Chiquito en el sector Villa Juana y lo llevara a la discoteca Bar Kiss.<\/p>\n<p>Una vez que Chiquito lleg\u00f3 al referido lugar, le pidi\u00f3 al conductor que se desplazara hasta la calle Moca donde se encontraba su amigo Luis, quien tambi\u00e9n ir\u00eda al centro de diversi\u00f3n.<\/p>\n<p>Quince minutos despu\u00e9s,\u00a0<strong>El Dotolcito<\/strong>\u00a0volvi\u00f3 a contactar al taxista para que ahora lo recogiera a \u00e9l y lo trasladara a la misma discoteca Bar Kiss. Abord\u00f3 el veh\u00edculo, junto al Chiquito y Luis.<\/p>\n<p>Cuando el chofer se dispon\u00eda a poner el veh\u00edculo en marcha con los tres pasajeros a bordo, los nombrados Chiquito y Luis le pidieron que se detuviera y de inmediato sacaron sus armas de fuego y enca\u00f1onaron a Isanel Morel Encarnaci\u00f3n, Alberto Jos\u00e9 Reyes y Misael Morel Encarnaci\u00f3n, quienes se encontraban saliendo del referido lugar, dici\u00e9ndoles que se trataba de un atraco.<\/p>\n<p>Al percatarse de lo que estaba ocurriendo, estas tres personas vociferaron que estaban siendo v\u00edctimas de un atraco. Ante esos gritos, Chiquito y Luis huyeron y al hacerlo dispararon. Uno de los proyectiles hiri\u00f3 en la cabeza a un cuarto que no estaba entre los atracados: Joshua Omar Fern\u00e1ndez, quien muri\u00f3 mientras recib\u00eda asistencia m\u00e9dica en el Hospital Salvador B. Gautier.<\/p>\n<p>De acuerdo al acta de levantamiento del cad\u00e1ver, realizado por el Instituto Nacional de Ciencias Forenses (Inacif), la causa del fallecimiento fue producto de heridas por proyectil de arma de fuego en la regi\u00f3n frontal izquierda y salida en regi\u00f3n occipital izquierda.<\/p>\n<p>El pasado lunes 15 de abril el\u00a0<strong>Ministerio P\u00fablico<\/strong>\u00a0deposit\u00f3 la solicitud de medida de coerci\u00f3n contra Wesley Vicent Carmona, (a)\u00a0<strong>El Dotolcito<\/strong>, en la que pide prisi\u00f3n preventiva por entender que el imputado no cuenta con arraigo suficiente para descartar el\u00a0<strong>peligro de fuga<\/strong>.<\/p>\n<p>El \u00f3rgano persecutor le imputa a\u00a0<strong>El Dotolcito<\/strong>\u00a0los cargos de asociaci\u00f3n de malhechores, homicidio y robo, as\u00ed como el delito de tenencia ilegal de armas, municiones, explosivos y sus accesorios, al igual que porte y uso ilegal de armas de fuego.<\/p>\n<p>El Dotolcito fue arrestado el s\u00e1bado 13 de mayo mediante una orden de arresto.<\/p>\n<p>En la tarde de este mi\u00e9rcoles se entreg\u00f3 ante el Departamento de Investigaciones de Homicidios Alison de Jes\u00fas P\u00e9rez Mej\u00eda, conocido como Chiquito, quien en las pr\u00f3ximas horas ser\u00e1 puesto a disposici\u00f3n del Ministerio P\u00fablico<\/p>\n<p>Impactos: 61<\/p>","protected":false},"excerpt":{"rendered":"<p>Por SERVICIOS DE ACENTO.COM.DO En la madrugada del domingo 16 de abril del presente a\u00f1o, seg\u00fan la solicitud de medida de coerci\u00f3n, Wesley Vicent<\/p>\n","protected":false},"author":3,"featured_media":18157,"comment_status":"closed","ping_status":"closed","sticky":false,"template":"","format":"standard","meta":[],"categories":[1],"tags":[],"_links":{"self":[{"href":"https:\/\/hormigaradio.com\/index.php?rest_route=\/wp\/v2\/posts\/18187"}],"collection":[{"href":"https:\/\/hormigaradio.com\/index.php?rest_route=\/wp\/v2\/posts"}],"about":[{"href":"https:\/\/hormigaradio.com\/index.php?rest_route=\/wp\/v2\/types\/post"}],"author":[{"embeddable":true,"href":"https:\/\/hormigaradio.com\/index.php?rest_route=\/wp\/v2\/users\/3"}],"replies":[{"embeddable":true,"href":"https:\/\/hormigaradio.com\/index.php?rest_route=%2Fwp%2Fv2%2Fcomments&post=18187"}],"version-history":[{"count":1,"href":"https:\/\/hormigaradio.com\/index.php?rest_route=\/wp\/v2\/posts\/18187\/revisions"}],"predecessor-version":[{"id":18188,"href":"https:\/\/hormigaradio.com\/index.php?rest_route=\/wp\/v2\/posts\/18187\/revisions\/18188"}],"wp:featuredmedia":[{"embeddable":true,"href":"https:\/\/hormigaradio.com\/index.php?rest_route=\/wp\/v2\/media\/18157"}],"wp:attachment":[{"href":"https:\/\/hormigaradio.com\/index.php?rest_route=%2Fwp%2Fv2%2Fmedia&parent=18187"}],"wp:term":[{"taxonomy":"category","embeddable":true,"href":"https:\/\/hormigaradio.com\/index.php?rest_route=%2Fwp%2Fv2%2Fcategories&post=18187"},{"taxonomy":"post_tag","embeddable":true,"href":"https:\/\/hormigaradio.com\/index.php?rest_route=%2Fwp%2Fv2%2Ftags&post=18187"}],"curies":[{"name":"wp","href":"https:\/\/api.w.org\/{rel}","templated":true}]}}