{"id":18321,"date":"2023-06-20T13:43:53","date_gmt":"2023-06-20T13:43:53","guid":{"rendered":"https:\/\/hormigaradio.com\/?p=18321"},"modified":"2023-06-20T13:43:53","modified_gmt":"2023-06-20T13:43:53","slug":"fiscalia-de-higuey-defiende-a-su-fiscal-detenida-en-vehiculo-sin-placa-y-documentos","status":"publish","type":"post","link":"https:\/\/hormigaradio.com\/?p=18321","title":{"rendered":"FISCAL\u00cdA DE HIG\u00dcEY DEFIENDE A SU FISCAL DETENIDA EN VEH\u00cdCULO SIN PLACA Y DOCUMENTOS"},"content":{"rendered":"<p><strong><img loading=\"lazy\" class=\"size-medium wp-image-18322 alignleft\" src=\"http:\/\/hormigaradio.com\/wp-content\/uploads\/2023\/06\/dd-300x169.png\" alt=\"\" width=\"300\" height=\"169\" srcset=\"https:\/\/hormigaradio.com\/wp-content\/uploads\/2023\/06\/dd-300x169.png 300w, https:\/\/hormigaradio.com\/wp-content\/uploads\/2023\/06\/dd-1024x577.png 1024w, https:\/\/hormigaradio.com\/wp-content\/uploads\/2023\/06\/dd-768x433.png 768w, https:\/\/hormigaradio.com\/wp-content\/uploads\/2023\/06\/dd-1536x865.png 1536w, https:\/\/hormigaradio.com\/wp-content\/uploads\/2023\/06\/dd-715x400.png 715w, https:\/\/hormigaradio.com\/wp-content\/uploads\/2023\/06\/dd.png 1640w\" sizes=\"(max-width: 300px) 100vw, 300px\" \/><\/strong><\/p>\n<p>Fuente: https:\/\/www.elcaribe.com.do\/<\/p>\n<p><strong>La Altagracia, RD.-<\/strong>\u00a0La Fiscal\u00eda de Hig\u00fcey emiti\u00f3 un comunicado sobre el hecho en que estuvo involucrada una fiscal, quien fue detenida por agentes de la\u00a0<a href=\"https:\/\/www.policianacional.gob.do\/\">Polic\u00eda Nacional<\/a>\u00a0por desplazarse en un veh\u00edculo marca Sonata, de color gris, sin placa y sin documentos.<\/p>\n<div id=\"standard_9\" class=\"st-placement standard_9 inArticle\"><\/div>\n<p>La entidad indica que Carol Darisel Morla ven\u00eda de trabajar cuando los uniformados la detuvieron y amenazaron con armas largas en mano, por lo que decidi\u00f3 acudir al destacamento de la Polic\u00eda de Hig\u00fcey donde, en vez de ser protegida, fue supuestamente humillada y maltratada.<\/p>\n<p>En un video se muestra a la fiscal discutir con los miembros del orden, quienes en todo momento mantuvieron la calma, mientras que la representante del Ministerio P\u00fablico se mostraba de manera hostil.<\/p>\n<div id=\"\" class=\"mmc_ads \">\n<div id=\"div-gpt-ad-elCaribe_300x250_inread\" class=\"\" data-google-query-id=\"CKzOhdz80f8CFRO40QQd0QsPLA\">\n<div id=\"google_ads_iframe_\/22084339\/elCaribe_300x250_inread_0__container__\"><iframe id=\"google_ads_iframe_\/22084339\/elCaribe_300x250_inread_0\" tabindex=\"0\" title=\"3rd party ad content\" role=\"region\" name=\"google_ads_iframe_\/22084339\/elCaribe_300x250_inread_0\" width=\"300\" height=\"250\" frameborder=\"0\" marginwidth=\"0\" marginheight=\"0\" scrolling=\"no\" aria-label=\"Advertisement\" data-load-complete=\"true\" data-google-container-id=\"7\" data-mce-fragment=\"1\"><\/iframe><\/div>\n<\/div>\n<\/div>\n<p>En la grabaci\u00f3n tambi\u00e9n se observa a la funcionaria judicial estacionar el veh\u00edculo a la entrada del cuartel policial, obstruyendo el acceso. Adem\u00e1s, la fiscal procedi\u00f3 a comunicarse con la titular para dar su versi\u00f3n e informar que estaba siendo apresada y esposada en el destacamento.<\/p>\n<figure class=\"wp-block-embed is-type-rich is-provider-twitter wp-block-embed-twitter\">\n<div class=\"wp-block-embed__wrapper\">\n<div class=\"twitter-tweet twitter-tweet-rendered\"><iframe id=\"twitter-widget-0\" class=\"\" title=\"Twitter Tweet\" src=\"https:\/\/platform.twitter.com\/embed\/Tweet.html?creatorScreenName=elcariberd&amp;dnt=true&amp;embedId=twitter-widget-0&amp;features=eyJ0ZndfdGltZWxpbmVfbGlzdCI6eyJidWNrZXQiOltdLCJ2ZXJzaW9uIjpudWxsfSwidGZ3X2ZvbGxvd2VyX2NvdW50X3N1bnNldCI6eyJidWNrZXQiOnRydWUsInZlcnNpb24iOm51bGx9LCJ0ZndfdHdlZXRfZWRpdF9iYWNrZW5kIjp7ImJ1Y2tldCI6Im9uIiwidmVyc2lvbiI6bnVsbH0sInRmd19yZWZzcmNfc2Vzc2lvbiI6eyJidWNrZXQiOiJvbiIsInZlcnNpb24iOm51bGx9LCJ0ZndfZm9zbnJfc29mdF9pbnRlcnZlbnRpb25zX2VuYWJsZWQiOnsiYnVja2V0Ijoib24iLCJ2ZXJzaW9uIjpudWxsfSwidGZ3X21peGVkX21lZGlhXzE1ODk3Ijp7ImJ1Y2tldCI6InRyZWF0bWVudCIsInZlcnNpb24iOm51bGx9LCJ0ZndfZXhwZXJpbWVudHNfY29va2llX2V4cGlyYXRpb24iOnsiYnVja2V0IjoxMjA5NjAwLCJ2ZXJzaW9uIjpudWxsfSwidGZ3X3Nob3dfYmlyZHdhdGNoX3Bpdm90c19lbmFibGVkIjp7ImJ1Y2tldCI6Im9uIiwidmVyc2lvbiI6bnVsbH0sInRmd19kdXBsaWNhdGVfc2NyaWJlc190b19zZXR0aW5ncyI6eyJidWNrZXQiOiJvbiIsInZlcnNpb24iOm51bGx9LCJ0ZndfdXNlX3Byb2ZpbGVfaW1hZ2Vfc2hhcGVfZW5hYmxlZCI6eyJidWNrZXQiOiJvbiIsInZlcnNpb24iOm51bGx9LCJ0ZndfdmlkZW9faGxzX2R5bmFtaWNfbWFuaWZlc3RzXzE1MDgyIjp7ImJ1Y2tldCI6InRydWVfYml0cmF0ZSIsInZlcnNpb24iOm51bGx9LCJ0ZndfbGVnYWN5X3RpbWVsaW5lX3N1bnNldCI6eyJidWNrZXQiOnRydWUsInZlcnNpb24iOm51bGx9LCJ0ZndfdHdlZXRfZWRpdF9mcm9udGVuZCI6eyJidWNrZXQiOiJvbiIsInZlcnNpb24iOm51bGx9fQ%3D%3D&amp;frame=false&amp;hideCard=false&amp;hideThread=false&amp;id=1670454539995033602&amp;lang=es&amp;origin=https%3A%2F%2Fwww.elcaribe.com.do%2Fpanorama%2Fjusticia%2Ffiscalia-de-higuey-defiende-a-fiscal-detenida-en-vehiculo-sin-placa-y-documentos%2F&amp;sessionId=01e64a63ad14e82e355a232f0f7e0ea242344e3d&amp;siteScreenName=elcariberd&amp;theme=light&amp;widgetsVersion=aaf4084522e3a%3A1674595607486&amp;width=550px\" frameborder=\"0\" scrolling=\"no\" allowfullscreen=\"allowfullscreen\" data-tweet-id=\"1670454539995033602\" data-mce-fragment=\"1\"><\/iframe><\/div>\n<\/div>\n<\/figure>\n<p><strong>Comunicado Integro<\/strong><\/p>\n<div id=\"\" class=\"mmc_ads \">\n<div id=\"div-gpt-ad-elCaribe_300x250_inread\" class=\"\"><\/div>\n<\/div>\n<p>El\u00a0<a href=\"https:\/\/www.elcaribe.com.do\/panorama\/justicia\/ministerio-publico-avanza-en-presentacion-de-pruebas-contra-acusado-por-asesinato-de-abogada-languasco\/\">Ministerio P\u00fablico<\/a>, es el \u00f3rgano del sistema de justicia responsable de la formulaci\u00f3n e implementaci\u00f3n de la pol\u00edtica del Estado contra la criminalidad, dirige la investigaci\u00f3n penal y ejerce la acci\u00f3n p\u00fablica en representaci\u00f3n de la sociedad.<\/p>\n<p>Es por ello, que no debemos pasar por alto el caso ocurrido en la noche de ayer 15-06-2023, cuando una unidad de la acci\u00f3n r\u00e1pida, ultraj\u00f3 y maltrato a la Licda. Carol Darisel Morla, la cual adem\u00e1s de su condici\u00f3n de mujer, Ministerio P\u00fablico, fue detenida por esta unidad y estos sin importar que ella se identifica y explicarle que ven\u00eda de trabajar, estos en una actitud amenazante al apuntarles con armas largas y externarles palabras descompuestas, aun as\u00ed esta decide ir al destacamento policial de esta ciudad de Hig\u00fcey, al llegar all\u00ed en vez de recibir protecci\u00f3n como toda ciudadana prosigue la humillaci\u00f3n y maltrato hasta el punto de esposarla y negarle la oportunidad de saber porque estaba detenida, as\u00ed como de comunicarse con el superior inmediato de estos oficiales y ondeando incluso uno de los oficiales que fuera trasladada hacia la c\u00e1rcel de mujeres de la Malena, si no es por la intervenci\u00f3n oportuna de la magistrada titular Mercedes Santana Rodr\u00edguez, no se sabe hasta donde los oficiales llegar\u00edan con dicha acci\u00f3n.<\/p>\n<p>Impactos: 58<\/p>","protected":false},"excerpt":{"rendered":"<p>Fuente: https:\/\/www.elcaribe.com.do\/ La Altagracia, RD.-\u00a0La Fiscal\u00eda de Hig\u00fcey emiti\u00f3 un comunicado sobre el hecho en que estuvo involucrada una fiscal, quien fue detenida por<\/p>\n","protected":false},"author":3,"featured_media":18322,"comment_status":"closed","ping_status":"closed","sticky":false,"template":"","format":"standard","meta":[],"categories":[3],"tags":[],"_links":{"self":[{"href":"https:\/\/hormigaradio.com\/index.php?rest_route=\/wp\/v2\/posts\/18321"}],"collection":[{"href":"https:\/\/hormigaradio.com\/index.php?rest_route=\/wp\/v2\/posts"}],"about":[{"href":"https:\/\/hormigaradio.com\/index.php?rest_route=\/wp\/v2\/types\/post"}],"author":[{"embeddable":true,"href":"https:\/\/hormigaradio.com\/index.php?rest_route=\/wp\/v2\/users\/3"}],"replies":[{"embeddable":true,"href":"https:\/\/hormigaradio.com\/index.php?rest_route=%2Fwp%2Fv2%2Fcomments&post=18321"}],"version-history":[{"count":1,"href":"https:\/\/hormigaradio.com\/index.php?rest_route=\/wp\/v2\/posts\/18321\/revisions"}],"predecessor-version":[{"id":18323,"href":"https:\/\/hormigaradio.com\/index.php?rest_route=\/wp\/v2\/posts\/18321\/revisions\/18323"}],"wp:featuredmedia":[{"embeddable":true,"href":"https:\/\/hormigaradio.com\/index.php?rest_route=\/wp\/v2\/media\/18322"}],"wp:attachment":[{"href":"https:\/\/hormigaradio.com\/index.php?rest_route=%2Fwp%2Fv2%2Fmedia&parent=18321"}],"wp:term":[{"taxonomy":"category","embeddable":true,"href":"https:\/\/hormigaradio.com\/index.php?rest_route=%2Fwp%2Fv2%2Fcategories&post=18321"},{"taxonomy":"post_tag","embeddable":true,"href":"https:\/\/hormigaradio.com\/index.php?rest_route=%2Fwp%2Fv2%2Ftags&post=18321"}],"curies":[{"name":"wp","href":"https:\/\/api.w.org\/{rel}","templated":true}]}}