{"id":18358,"date":"2023-06-23T04:45:24","date_gmt":"2023-06-23T04:45:24","guid":{"rendered":"https:\/\/hormigaradio.com\/?p=18358"},"modified":"2023-06-23T04:46:08","modified_gmt":"2023-06-23T04:46:08","slug":"encuesta-gallup-rcc-media-luis-47-7-leonel-28-9-abel-19","status":"publish","type":"post","link":"https:\/\/hormigaradio.com\/?p=18358","title":{"rendered":"ENCUESTA GALLUP-RCC MEDIA: LUIS 47.7%, LEONEL 28.9%, ABEL 19%"},"content":{"rendered":"<div class=\"desktop-inner-container\">\n<div class=\"desktop-article-extra-holder\">\n<article id=\"mainArticle\">\n<div class=\"article-body\">\n<p>Por\u00a0<span class=\"name font-700\"><a title=\"Servicios de Acento.com.do\" href=\"https:\/\/acento.com.do\/autor\/servicios.html\">Servicios de Acento.com.do<\/a><\/span><\/p>\n<p>Si las elecciones se celebraran en estos momentos el presidente\u00a0<strong>Luis Abinader<\/strong>\u00a0contar\u00eda con el voto del 47.7 por ciento del electorado, superando a sus dos m\u00e1s cercanos competidores,\u00a0<strong>Leonel Fern\u00e1ndez<\/strong>\u00a028.9% y\u00a0<strong>Abel Mart\u00ednez<\/strong>\u00a019%.<\/p>\n<p>El 3.6 por ciento dijo que por ninguno, y el 0.7 por ciento dijo que no sabe o no opin\u00f3.<\/p>\n<p>Estos resultados corresponden a la segunda entrega de la\u00a0<strong>Encuesta Gallup-RCC Media<\/strong>, dados a conocer este mi\u00e9rcoles.<\/p>\n<p>Con ese porcentaje el presidente Abinader, que ser\u00eda el candidato del Partido Revolucionario Moderno (PRM), necesitar\u00eda ganarse un 2.3 por ciento m\u00e1s de los votos para ganar las elecciones de 2024 en primera vuelta.<\/p>\n<p>Con los actuales porcentajes obtenidos por Leonel Fern\u00e1ndez y Abel Mart\u00ednez, en caso de una eventual alianza electoral entre los partidos Fuerza del Pueblo y Partido de la Liberaci\u00f3n Dominicana, sumar\u00edan 47.9 por ciento, lo que significa que tampoco lograr\u00edan ganar en primera vuelta.<\/p>\n<h2><strong>Luis Abinader sube con votantes probables<\/strong><\/h2>\n<p>Cuando se hace la misma pregunta, de por qui\u00e9n votar\u00eda si los comicios fueran ahora, el porcentaje de Luis Abinader se eleva a\u00a0<strong>50.9<\/strong>\u00a0por ciento, lo que le har\u00eda ganador en primera vuelta, contra\u00a0<strong>28.2<\/strong>\u00a0por ciento de Leonel Fern\u00e1ndez, y el<strong>\u00a017.9<\/strong>\u00a0por ciento de Abel Mart\u00ednez. Los candidatos de la oposici\u00f3n ven reducidos sus porcentajes.<\/p>\n<div class=\"banner-box\"><\/div>\n<h2>Percepci\u00f3n del ganador<\/h2>\n<p>A los encuestados tambi\u00e9n se les pregunt\u00f3: \u00bfQui\u00e9n cree que ganar\u00e1 las elecciones presidenciales de 2024? Las respuestas fueron:<\/p>\n<p>Luis Abinader 48.2 por ciento, Leonel Fern\u00e1ndez 24.4 por ciento, Abel Mart\u00ednez 11.5 por ciento. Un 15.4 por ciento dice que no sabe o no opin\u00f3. El resto de los aspirantes presidenciales, sumados, no alcanzaron el 1 por ciento.<\/p>\n<p><strong>Favorable, desfavorable<\/strong><\/p>\n<p>La Gallup-RCC Media plante\u00f3 a los encuestados, por separado, si votar\u00edan por los tres citados candidatos, y esos fueron los resultados:<\/p>\n<p>\u00bfVotar\u00eda por\u00a0<strong>Luis Abinader<\/strong>\u00a0para las elecciones presidenciales de 2024?<\/p>\n<div class=\"banner-box\"><\/div>\n<p><strong>52.9<\/strong>\u00a0por ciento dijo s\u00ed, contra 44.8 por ciento que dijo que no, y 2.3 por ciento que dijo que no sabe o que no opin\u00f3.<\/p>\n<p>\u00bfVotar\u00eda por\u00a0<strong>Leonel Fern\u00e1ndez<\/strong>\u00a0para las elecciones presidenciales de 2024?<\/p>\n<p>El\u00a0<strong>35.3<\/strong>\u00a0por ciento dijo s\u00ed, contra un 62.7 por ciento que dijo no, y 1.9 por ciento que dijo que no sabe o que no opin\u00f3.<\/p>\n<p>\u00bfVotar\u00eda por Abel Mart\u00ednez para las elecciones presidenciales de 2024?<\/p>\n<p>El\u00a0<strong>29.1<\/strong>\u00a0por ciento dijo s\u00ed, contra el 65.8 por ciento que dijo no; o.1 por ciento dijo que votar\u00eda en blanco, y el 5.0 por ciento dijo que no sabe o no opin\u00f3.<\/p>\n<div class=\"banner-box\"><\/div>\n<p>&nbsp;<\/p>\n<h2>Ficha t\u00e9cnica<\/h2>\n<p>Objetivo General: Orientar a la poblaci\u00f3n sobre los grandes temas nacionales y de esa forma aportar al conocimiento de los dominicanos sobre los grandes asuntos que competen el inter\u00e9s nacional.<\/p>\n<p>Definici\u00f3n de poblaci\u00f3n: Ciudadanos Dominicanos, con c\u00e9dula de identidad y que no pertenecen a ninguna de las ramas militares.<\/p>\n<p>Muestra: 1200 entrevistas presenciales o cara a cara, distribuidos proporcionalmente por regi\u00f3n, por edad y por g\u00e9nero de acuerdo al Censo ONE, 2010, posteriores estimaciones y proyecciones de poblaci\u00f3n al 2020.<\/p>\n<p>Confianza y error: Aunque cada variable y su porcentaje tienen su propio error asociado, la muestra para el total de los datos, garantiza que las estimaciones generales en al menos 95 de cada 100 veces, el error no sobrepasa \u00b1 2.8%.<\/p>\n<p>Fecha de Campo:\u00a0<strong>Del 11 al 14 de junio de 2023<\/strong><\/p>\n<div class=\"amp-hidden\"><\/div>\n<p><iframe class=\"i-amphtml-fill-content\" src=\"https:\/\/drive.google.com\/file\/d\/15LTurxKaTKhC8GDrzEpuofYbMhluw5up\/preview#amp=1\" name=\"amp_iframe0\" frameborder=\"0\" sandbox=\"allow-scripts allow-same-origin\" data-mce-fragment=\"1\"><\/iframe><\/p>\n<\/div>\n<\/article>\n<\/div>\n<\/div>\n<div class=\"mas-noticias\">\n<div class=\"i-amphtml-fill-content i-amphtml-replaced-content\" role=\"list\">\n<div class=\"mobile-fake-slider flex-container\" role=\"listitem\">\n<article class=\"entry-box\">\n<div class=\"entry-data\">\n<h3 class=\"entry-title\"><\/h3>\n<\/div>\n<\/article>\n<\/div>\n<\/div>\n<\/div>\n<p>Impactos: 76<\/p>","protected":false},"excerpt":{"rendered":"<p>Por\u00a0Servicios de Acento.com.do Si las elecciones se celebraran en estos momentos el presidente\u00a0Luis Abinader\u00a0contar\u00eda con el voto del 47.7 por ciento del electorado, superando<\/p>\n","protected":false},"author":3,"featured_media":17306,"comment_status":"closed","ping_status":"closed","sticky":false,"template":"","format":"standard","meta":[],"categories":[6],"tags":[],"_links":{"self":[{"href":"https:\/\/hormigaradio.com\/index.php?rest_route=\/wp\/v2\/posts\/18358"}],"collection":[{"href":"https:\/\/hormigaradio.com\/index.php?rest_route=\/wp\/v2\/posts"}],"about":[{"href":"https:\/\/hormigaradio.com\/index.php?rest_route=\/wp\/v2\/types\/post"}],"author":[{"embeddable":true,"href":"https:\/\/hormigaradio.com\/index.php?rest_route=\/wp\/v2\/users\/3"}],"replies":[{"embeddable":true,"href":"https:\/\/hormigaradio.com\/index.php?rest_route=%2Fwp%2Fv2%2Fcomments&post=18358"}],"version-history":[{"count":2,"href":"https:\/\/hormigaradio.com\/index.php?rest_route=\/wp\/v2\/posts\/18358\/revisions"}],"predecessor-version":[{"id":18360,"href":"https:\/\/hormigaradio.com\/index.php?rest_route=\/wp\/v2\/posts\/18358\/revisions\/18360"}],"wp:featuredmedia":[{"embeddable":true,"href":"https:\/\/hormigaradio.com\/index.php?rest_route=\/wp\/v2\/media\/17306"}],"wp:attachment":[{"href":"https:\/\/hormigaradio.com\/index.php?rest_route=%2Fwp%2Fv2%2Fmedia&parent=18358"}],"wp:term":[{"taxonomy":"category","embeddable":true,"href":"https:\/\/hormigaradio.com\/index.php?rest_route=%2Fwp%2Fv2%2Fcategories&post=18358"},{"taxonomy":"post_tag","embeddable":true,"href":"https:\/\/hormigaradio.com\/index.php?rest_route=%2Fwp%2Fv2%2Ftags&post=18358"}],"curies":[{"name":"wp","href":"https:\/\/api.w.org\/{rel}","templated":true}]}}