{"id":18504,"date":"2023-07-14T23:48:12","date_gmt":"2023-07-14T23:48:12","guid":{"rendered":"https:\/\/hormigaradio.com\/?p=18504"},"modified":"2023-07-14T23:49:57","modified_gmt":"2023-07-14T23:49:57","slug":"aunque-juro-que-su-lealtad-era-a-danilo-y-al-pld-el-boli-hizo-sus-maletas-y-se-marcho-al-prm","status":"publish","type":"post","link":"https:\/\/hormigaradio.com\/?p=18504","title":{"rendered":"AUNQUE JUR\u00d3 QUE SU LEALTAD ERA A DANILO Y AL PLD, EL BOLI HIZO SUS MALETAS Y SE MARCH\u00d3 AL PRM"},"content":{"rendered":"<p>Por\u00a0<span class=\"name font-700\"><a title=\"Servicios de Acento.com.do\" href=\"https:\/\/acento.com.do\/autor\/servicios.html\">Servicios de Acento.com.do<\/a><\/span><\/p>\n<p>&#8220;Yo mejor dejo de hacer pol\u00edtica antes de irme del\u00a0<strong>PLD<\/strong>&#8220;, as\u00ed de contundente fue el diputado\u00a0<strong>Bol\u00edvar Valera<\/strong>\u00a0en febrero del 2022, cuando se le pregunt\u00f3 sobre la posibilidad de abandonar las filas del Partido de la Liberaci\u00f3n Dominicana (<strong>PLD<\/strong>) y pasar al oficialista Partido Revolucionario Moderno\u00a0<strong>(PRM).<\/strong><\/p>\n<p>Sin embargo, a poco m\u00e1s de un a\u00f1o,\u00a0<strong>Valera<\/strong>\u00a0no solo dio marcha atr\u00e1s respecto a su permanencia en el\u00a0<strong>PLD<\/strong>, cuando el pasado 16 de junio, a trav\u00e9s de un v\u00eddeo, anunci\u00f3 que abandonaba el partido morado, sino que este 14 de julio (a poco menos de un mes de su renuncia) se jurament\u00f3 en el\u00a0<strong>PRM,<\/strong>\u00a0entidad de la que afirm\u00f3 no se dejar\u00eda seducir.<\/p>\n<p>&#8220;Yo no me voy del\u00a0<strong>PLD<\/strong>. Mi agradecimiento hacia\u00a0<strong>Danilo Medina\u2026<\/strong>\u00a0mi lealtad hacia\u00a0<strong>Danilo Medina<\/strong>\u00a0no es negociable. Yo mejor dejo de hacer pol\u00edtica antes de irme del\u00a0<strong>PLD<\/strong>&#8220;, afirmaba en una entrevista concedida al medio digital\u00a0<a href=\"https:\/\/www.youtube.com\/watch?v=WfCSdtrLXOk\"><strong>Ciudad Oriental<\/strong><\/a>, y que hoy se ha convertido en tendencia en redes sociales.<\/p>\n<p>&nbsp;<\/p>\n<div class=\"amp-hidden\"><\/div>\n<p><iframe class=\"i-amphtml-fill-content\" src=\"https:\/\/player.vimeo.com\/video\/845407064?title=0&amp;amp;byline=0#amp=1\" name=\"amp_iframe0\" frameborder=\"0\" sandbox=\"allow-scripts allow-same-origin\" data-mce-fragment=\"1\"><\/iframe><\/p>\n<p>&nbsp;<\/p>\n<p>El acto de juramentaci\u00f3n del legislador se realiz\u00f3 este viernes en el Club Deportivo y Cultural Framboy\u00e1n, en Los Minas, Santo Domingo Este.<\/p>\n<div class=\"banner-box\"><\/div>\n<h2>Sobre la renuncia al PLD<\/h2>\n<p>Al momento de dar a conocer su renuncia,\u00a0<strong>Valera<\/strong>\u00a0agradeci\u00f3 a los dirigentes y militantes de la organizaci\u00f3n por la acogida y oportunidades otorgadas, mismas que le dieron la posibilidad de hacerse de una curul por\u00a0 Santo Domingo Este.<\/p>\n<p>&#8220;Agradezco al\u00a0<strong>PLD,<\/strong>\u00a0sus dirigentes y militantes por su acogida y oportunidades, pero es tiempo seguir trabajando y aportando a mi pa\u00eds desde otros espacios&#8221;, dijo.<\/p>\n<p><iframe loading=\"lazy\" class=\"i-amphtml-fill-content\" title=\"Twitter\" src=\"https:\/\/d-1561411291302945899.ampproject.net\/2306301917000\/frame.html\" name=\"{&quot;host&quot;:&quot;d-1561411291302945899.ampproject.net&quot;,&quot;bootstrap&quot;:&quot;https:\/\/3p.ampproject.net\/2306301917000\/vendor\/twitter.js&quot;,&quot;type&quot;:&quot;twitter&quot;,&quot;count&quot;:1,&quot;attributes&quot;:{&quot;tweetid&quot;:&quot;1669701102302838784&quot;,&quot;width&quot;:375,&quot;height&quot;:472,&quot;_context&quot;:{&quot;ampcontextVersion&quot;:&quot;2306301917000&quot;,&quot;ampcontextFilepath&quot;:&quot;https:\/\/3p.ampproject.net\/2306301917000\/ampcontext-v0.js&quot;,&quot;sourceUrl&quot;:&quot;https:\/\/acento.com.do\/politica\/aunque-juro-que-su-lealtad-era-a-danilo-y-al-pld-el-boli-hizo-sus-maletas-y-se-marcho-al-prm-9224444.html&quot;,&quot;referrer&quot;:&quot;https:\/\/acento.com.do\/&quot;,&quot;canonicalUrl&quot;:&quot;https:\/\/acento.com.do\/politica\/aunque-juro-que-su-lealtad-era-a-danilo-y-al-pld-el-boli-hizo-sus-maletas-y-se-marcho-al-prm-9224444.html&quot;,&quot;pageViewId&quot;:&quot;2211&quot;,&quot;location&quot;:{&quot;href&quot;:&quot;https:\/\/acento.com.do\/politica\/aunque-juro-que-su-lealtad-era-a-danilo-y-al-pld-el-boli-hizo-sus-maletas-y-se-marcho-al-prm-9224444.html&quot;},&quot;startTime&quot;:1689378348660,&quot;tagName&quot;:&quot;AMP-TWITTER&quot;,&quot;mode&quot;:{&quot;localDev&quot;:false,&quot;development&quot;:false,&quot;esm&quot;:false,&quot;test&quot;:false,&quot;rtvVersion&quot;:&quot;012306301917000&quot;},&quot;canary&quot;:false,&quot;hidden&quot;:false,&quot;initialLayoutRect&quot;:{&quot;left&quot;:98,&quot;top&quot;:3183,&quot;width&quot;:728,&quot;height&quot;:916},&quot;domFingerprint&quot;:&quot;3543973177&quot;,&quot;experimentToggles&quot;:{&quot;canary&quot;:false,&quot;a4aProfilingRate&quot;:false,&quot;doubleclickSraExp&quot;:false,&quot;doubleclickSraReportExcludedBlock&quot;:false,&quot;flexAdSlots&quot;:false,&quot;flexible-bitrate&quot;:false,&quot;ios-fixed-no-transfer&quot;:false,&quot;story-ad-placements&quot;:false,&quot;story-disable-animations-first-page&quot;:true,&quot;story-load-inactive-outside-viewport&quot;:true,&quot;amp-sticky-ad-to-amp-ad-v4&quot;:false,&quot;story-video-cache-apply-audio&quot;:false,&quot;amp-story-subscriptions&quot;:true,&quot;amp-story-first-page-max-bitrate&quot;:true,&quot;story-load-first-page-only&quot;:true,&quot;story-ad-page-outlink&quot;:true,&quot;amp-geo-ssr&quot;:true,&quot;story-remote-localization&quot;:true,&quot;attribution-reporting&quot;:false},&quot;sentinel&quot;:&quot;0-33248573803483187989&quot;},&quot;type&quot;:&quot;twitter&quot;}}\" width=\"375\" height=\"472\" scrolling=\"no\" sandbox=\"allow-top-navigation-by-user-activation allow-popups-to-escape-sandbox allow-forms allow-modals allow-pointer-lock allow-popups allow-same-origin allow-scripts\" allowfullscreen=\"allowfullscreen\" data-amp-3p-sentinel=\"0-33248573803483187989\" data-mce-fragment=\"1\"><\/iframe><\/p>\n<p>&nbsp;<\/p>\n<div class=\"cont-tags\"><a class=\"tag\" title=\"bolivar valera\" href=\"https:\/\/acento.com.do\/tags\/?tag=bolivar-valera\">BOL\u00cdVAR VALERA<\/a><a class=\"tag\" title=\"danilo medina\" href=\"https:\/\/acento.com.do\/tags\/?tag=danilo-medina\">DANILO MEDINA<\/a><a class=\"tag\" title=\"pld\" href=\"https:\/\/acento.com.do\/tags\/?tag=pld\">PLD<\/a><a class=\"tag\" title=\"prm\" href=\"https:\/\/acento.com.do\/tags\/?tag=prm\">PRM<\/a><a class=\"tag\" title=\"santo domingo\" href=\"https:\/\/acento.com.do\/tags\/?tag=santo-domingo\">SANTO DOMINGO<\/a><\/div>\n<p>Impactos: 53<\/p>","protected":false},"excerpt":{"rendered":"<p>Por\u00a0Servicios de Acento.com.do &#8220;Yo mejor dejo de hacer pol\u00edtica antes de irme del\u00a0PLD&#8220;, as\u00ed de contundente fue el diputado\u00a0Bol\u00edvar Valera\u00a0en febrero del 2022, cuando<\/p>\n","protected":false},"author":3,"featured_media":18506,"comment_status":"closed","ping_status":"closed","sticky":false,"template":"","format":"standard","meta":[],"categories":[6],"tags":[],"_links":{"self":[{"href":"https:\/\/hormigaradio.com\/index.php?rest_route=\/wp\/v2\/posts\/18504"}],"collection":[{"href":"https:\/\/hormigaradio.com\/index.php?rest_route=\/wp\/v2\/posts"}],"about":[{"href":"https:\/\/hormigaradio.com\/index.php?rest_route=\/wp\/v2\/types\/post"}],"author":[{"embeddable":true,"href":"https:\/\/hormigaradio.com\/index.php?rest_route=\/wp\/v2\/users\/3"}],"replies":[{"embeddable":true,"href":"https:\/\/hormigaradio.com\/index.php?rest_route=%2Fwp%2Fv2%2Fcomments&post=18504"}],"version-history":[{"count":1,"href":"https:\/\/hormigaradio.com\/index.php?rest_route=\/wp\/v2\/posts\/18504\/revisions"}],"predecessor-version":[{"id":18505,"href":"https:\/\/hormigaradio.com\/index.php?rest_route=\/wp\/v2\/posts\/18504\/revisions\/18505"}],"wp:featuredmedia":[{"embeddable":true,"href":"https:\/\/hormigaradio.com\/index.php?rest_route=\/wp\/v2\/media\/18506"}],"wp:attachment":[{"href":"https:\/\/hormigaradio.com\/index.php?rest_route=%2Fwp%2Fv2%2Fmedia&parent=18504"}],"wp:term":[{"taxonomy":"category","embeddable":true,"href":"https:\/\/hormigaradio.com\/index.php?rest_route=%2Fwp%2Fv2%2Fcategories&post=18504"},{"taxonomy":"post_tag","embeddable":true,"href":"https:\/\/hormigaradio.com\/index.php?rest_route=%2Fwp%2Fv2%2Ftags&post=18504"}],"curies":[{"name":"wp","href":"https:\/\/api.w.org\/{rel}","templated":true}]}}