{"id":18508,"date":"2023-07-17T00:07:42","date_gmt":"2023-07-17T00:07:42","guid":{"rendered":"https:\/\/hormigaradio.com\/?p=18508"},"modified":"2023-07-17T00:09:26","modified_gmt":"2023-07-17T00:09:26","slug":"corte-arboles-de-avenida-las-carreras-para-trabajos-monorriel-genera-rechazo","status":"publish","type":"post","link":"https:\/\/hormigaradio.com\/?p=18508","title":{"rendered":"CORTE \u00c1RBOLES DE AVENIDA LAS CARRERAS PARA TRABAJOS MONORRIEL GENERA RECHAZO"},"content":{"rendered":"<p>El corte de los \u00e1rboles que embellec\u00edan desde el a\u00f1o 2014 la avenida Las Carreras en la ciudad de Santiago de los Caballeros, para dar paso a la construcci\u00f3n de la estructura del monorriel, ha generado disgusto y protesta de algunos sectores, sobre todo de la oposici\u00f3n.<\/p>\n<p>&nbsp;<\/p>\n<div class=\"amp-hidden\"><\/div>\n<p><iframe class=\"i-amphtml-fill-content\" src=\"https:\/\/player.vimeo.com\/video\/845751671?title=0&amp;amp;byline=0#amp=1\" name=\"amp_iframe0\" frameborder=\"0\" sandbox=\"allow-scripts allow-same-origin\" data-mce-fragment=\"1\"><\/iframe><\/p>\n<p>&nbsp;<\/p>\n<p>Los santiaguenses asisten en la actualidad a\u00a0<strong>lo que vivieron los capitale\u00f1os cuando en 1997 se empezaron los trabajos de ampliaci\u00f3n de la avenida 27 de Febrero<\/strong>, para dar paso a la construcci\u00f3n de los t\u00faneles y elevados. Los que apoyaron la intervenci\u00f3n de la principal avenida de la capital dominicana argumentaron que el progreso no pod\u00eda detenerse, mientras los urbanistas y ecologistas abogaron por alternativas que no obligaran a matar los \u00e1rboles en una ciudad de mucho sol y calor.<\/p>\n<p>Ahora en Santiago, el corte de \u00e1rboles es calificado como un crimen ecol\u00f3gico.<\/p>\n<p>\u201cUn antes y un despu\u00e9s del crimen ecol\u00f3gico de la destrucci\u00f3n y corte de los robles amarillos en la avenida Las Carreras. Despierta santiaguero, nos llevaron un patrimonio orgullo de Santiago y el pa\u00eds\u201d, alert\u00f3 el ingeniero Ervin Vargas, urbanista y aspirante a alcalde esta ciudad por el opositor Partido Revolucionario Dominicano (PRD).<\/p>\n<div class=\"banner-box\"><\/div>\n<figure><img class=\"i-amphtml-fill-content i-amphtml-replaced-content\" title=\"Las-Carreras-Santiago-1-728x344\" src=\"https:\/\/media.acento.com.do\/media\/storage02\/uploads\/2023\/07\/Las-Carreras-Santiago-1-728x344.webp\" alt=\"Las-Carreras-Santiago-1-728x344\" \/><figcaption>Avenida Las Carreras, de Santiago, cuando conservaba los \u00e1rboles sembrados por el alcalde Gilberto Serulle en 2014.<\/figcaption><\/figure>\n<p>Por un lado, algunas voces se levantan para criticar que no se haya buscado una ruta alterna para respetar la arborizaci\u00f3n de la avenida Las Carreras y otros cuestionan que, desde el punto de vista t\u00e9cnico, el terreno en todo el trazado de esta v\u00eda, no es adecuado para las excavaciones que se har\u00e1n para la estructura del nuevo sistema de transporte, que procura unir la parte sur del Santiago urbano, con Santiago Oeste, en un recorrido de 15 kil\u00f3metros.<\/p>\n<p>\u201cUna ruta muy equivocada del Monorriel con grandes impactos negativos en la vialidad y los jardines del Gran Teatro del Cibao\u201d, se lee en un mensaje del ingeniero Ervin Vargas, en sus espacios de redes sociales.<\/p>\n<p>En febrero del 2021, el ingeniero Ervin Vargas propuso una ruta de 20.5 kil\u00f3metros para el sistema de transporte Monorriel, pero en sus sugerencias no contempl\u00f3 un trazado por la avenida Las Carreras.<\/p>\n<figure class=\"no-caption\"><img class=\"i-amphtml-fill-content i-amphtml-replaced-content\" title=\"Las-Carreras-Santiago-2-728x344\" src=\"https:\/\/media.acento.com.do\/media\/storage02\/uploads\/2023\/07\/Las-Carreras-Santiago-2-728x344.webp\" alt=\"Las-Carreras-Santiago-2-728x344\" \/><\/figure>\n<p>\u201cNos quitaron la primavera y un patrimonio orgullo de Santiago\u201d, refiere el ingeniero Vargas.<\/p>\n<p>Cuando el entonces alcalde Juan Gilberto Serulle Ramia (Gilberto Serulle) dispuso en el a\u00f1o 2014 la plantaci\u00f3n de los robles, estuvo a cargo la arquitecta Teresita Espinal, y de igual manera fue rechazado por ambientalistas, que argumentaron que era una especie que crece muy alto y tiene ra\u00edces muy fuertes, lo que con los a\u00f1os ser\u00eda un problema para el espacio de la avenida Las Carreras.<\/p>\n<div class=\"banner-box\"><\/div>\n<p>Una vez los \u00e1rboles empezaron a florecer, la obra fue aplaudida y el espacio de convirti\u00f3 en una atracci\u00f3n en los meses de marzo y abril, cuando el sol y el calor se hacen presente. La p\u00e9rdida de la belleza y el frescor originan las reacciones contrarias al corte de los \u00e1rboles para la construcci\u00f3n del monorriel.<\/p>\n<h2>Alternativa<\/h2>\n<figure><img class=\"i-amphtml-fill-content i-amphtml-replaced-content\" title=\"ervin-vargas\" src=\"https:\/\/media.acento.com.do\/media\/storage02\/uploads\/2023\/01\/ervin-vargas.webp\" alt=\"ervin-vargas\" \/><figcaption>Ervin Vargas, aspirante a la alcald\u00eda del opositor Partido Revolucionario Dominicano (PRD).<\/figcaption><\/figure>\n<p>Ervin Vargas Vargas propuso una primera parada en la Universidad Tecnol\u00f3gica de Santiago (Utesa), la segunda en la Pontificia Universidad Cat\u00f3lica Madre y Maestra (PUCMM) y la tercera en paso de desnivel (elevado) de la avenida Estrella Sadhal\u00e1.<\/p>\n<p>Otra estaci\u00f3n en la intersecci\u00f3n de las avenidas Gregorio Luper\u00f3n y Bartolom\u00e9 Col\u00f3n, una pr\u00f3xima en el Parque Central, siguiendo hasta el cementerio 30 de marzo, Palacio de Justicia\/Estadio Cibao, Las Colinas Ensanche Libertad (Barrio Libertad, entrada a Santiago Oeste, Parque Industrial Zona Franca, Baracoa, entrada al Centro Hist\u00f3rico y el sector de Nibaje.<\/p>\n<p>\u201cPara disminuir el costo proponemos que el proyecto sea de 20.47 kil\u00f3metros, con un sistema de elevado de monorriel de 14.66 kil\u00f3metros y 5.81 kil\u00f3metros superficial de tranv\u00eda desde la entrada a Rafey, toda la ribera del Yaque del Norte, hasta la avenida Mirador del Yaque con avenida Franco Bid\u00f3\u201d afirm\u00f3 Vargas en un art\u00edculo cedido a la redacci\u00f3n de Acento.com.do en Santiago.<\/p>\n<h2>La obra<\/h2>\n<figure><img class=\"i-amphtml-fill-content i-amphtml-replaced-content\" title=\"monorriel\" src=\"https:\/\/media.acento.com.do\/media\/storage02\/uploads\/2021\/07\/monorriel.webp\" alt=\"monorriel\" \/><figcaption>Modelo de monorriel.<\/figcaption><\/figure>\n<p>Oficina para el Desarrollo de Proyectos de Movilidad Urbana e Interurbana, responsable del proyecto de tren urbano de Santiago, defiende los trabajos llevados a cabo en diversos espacios de la Ciudad Coraz\u00f3n, debido a la necesidad de transporte de la ciudadan\u00eda.<\/p>\n<div class=\"banner-box\"><\/div>\n<p>\u201cEn la ciudad de Santiago de los Caballeros se producen diariamente 1,197,498 viajes al d\u00eda, de los cuales el 40% ser\u00e1n captados con la entrada en operaciones del Monorriel. Mediante esta iniciativa liderada por el Presidente de la Rep\u00fablica bajo el Ministerio de la Presidencia permitir\u00e1 que en tan solos 25 minutos cualquier ciudadano pueda llegar desde Cienfuegos hasta Pek\u00edn, un trayecto que en la actualidad llevar\u00eda horas recorrerlo\u201d, ha informado Jhael Isa, director de la entidad responsable de la obra.<\/p>\n<h2><strong>Las estaciones del monorriel ser\u00e1n<\/strong><\/h2>\n<p>&nbsp;<\/p>\n<p>\u2022 E1 Cienfuegos<br \/>\n\u2022 E2 San Lorenzo<br \/>\n\u2022 E3 Ensanche Espaillat<br \/>\n\u2022 E4 La Plazona (Zona Franca)<br \/>\n\u2022 E5 Circunvalaci\u00f3n<br \/>\n\u2022 E6 Cuesta Colorada<br \/>\n\u2022 E7 \u00c1guilas Cibae\u00f1as<br \/>\n\u2022 E8 Pueblo Nuevo<br \/>\n\u2022 E9 Terminal Central<br \/>\n\u2022 E10 Las Carreras<br \/>\n\u2022 E11 Monumento a los H\u00e9roes de la Restauraci\u00f3n<br \/>\n\u2022 E12 El Ensue\u00f1o<br \/>\n\u2022 E13 Nibaje<br \/>\n\u2022 E14 Pek\u00edn<br \/>\n\u2022 E15 Villa Ol\u00edmpica<br \/>\n\u2022 E16 Madre y Maestra<\/p>\n<div class=\"cont-tags\"><\/div>\n<p>Impactos: 51<\/p>","protected":false},"excerpt":{"rendered":"<p>El corte de los \u00e1rboles que embellec\u00edan desde el a\u00f1o 2014 la avenida Las Carreras en la ciudad de Santiago de los Caballeros, para<\/p>\n","protected":false},"author":3,"featured_media":18510,"comment_status":"closed","ping_status":"closed","sticky":false,"template":"","format":"standard","meta":[],"categories":[3],"tags":[],"_links":{"self":[{"href":"https:\/\/hormigaradio.com\/index.php?rest_route=\/wp\/v2\/posts\/18508"}],"collection":[{"href":"https:\/\/hormigaradio.com\/index.php?rest_route=\/wp\/v2\/posts"}],"about":[{"href":"https:\/\/hormigaradio.com\/index.php?rest_route=\/wp\/v2\/types\/post"}],"author":[{"embeddable":true,"href":"https:\/\/hormigaradio.com\/index.php?rest_route=\/wp\/v2\/users\/3"}],"replies":[{"embeddable":true,"href":"https:\/\/hormigaradio.com\/index.php?rest_route=%2Fwp%2Fv2%2Fcomments&post=18508"}],"version-history":[{"count":1,"href":"https:\/\/hormigaradio.com\/index.php?rest_route=\/wp\/v2\/posts\/18508\/revisions"}],"predecessor-version":[{"id":18509,"href":"https:\/\/hormigaradio.com\/index.php?rest_route=\/wp\/v2\/posts\/18508\/revisions\/18509"}],"wp:featuredmedia":[{"embeddable":true,"href":"https:\/\/hormigaradio.com\/index.php?rest_route=\/wp\/v2\/media\/18510"}],"wp:attachment":[{"href":"https:\/\/hormigaradio.com\/index.php?rest_route=%2Fwp%2Fv2%2Fmedia&parent=18508"}],"wp:term":[{"taxonomy":"category","embeddable":true,"href":"https:\/\/hormigaradio.com\/index.php?rest_route=%2Fwp%2Fv2%2Fcategories&post=18508"},{"taxonomy":"post_tag","embeddable":true,"href":"https:\/\/hormigaradio.com\/index.php?rest_route=%2Fwp%2Fv2%2Ftags&post=18508"}],"curies":[{"name":"wp","href":"https:\/\/api.w.org\/{rel}","templated":true}]}}