{"id":18519,"date":"2023-07-19T19:36:05","date_gmt":"2023-07-19T19:36:05","guid":{"rendered":"https:\/\/hormigaradio.com\/?p=18519"},"modified":"2023-07-19T19:36:19","modified_gmt":"2023-07-19T19:36:19","slug":"muere-rafael-bello-andino-dirigente-reformista-y-asistente-de-balaguer","status":"publish","type":"post","link":"https:\/\/hormigaradio.com\/?p=18519","title":{"rendered":"MUERE RAFAEL BELLO ANDINO, DIRIGENTE REFORMISTA Y ASISTENTE DE BALAGUER"},"content":{"rendered":"<p>Por\u00a0<span class=\"name font-700\"><a title=\"Servicios de Acento.com.do\" href=\"https:\/\/acento.com.do\/autor\/servicios.html\">Servicios de Acento.com.do<\/a><\/span><\/p>\n<p>&nbsp;<\/p>\n<p>Falleci\u00f3 este mi\u00e9rcoles\u00a0<strong>Rafael Bello Andino<\/strong>, quien por a\u00f1os fue el asistente del extinto presidente\u00a0<strong>Joaqu\u00edn Balaguer<\/strong>.<\/p>\n<p>Aunque todav\u00eda no se ha informado sobre la causa de su fallecimiento, se ha dicho que la muerte de\u00a0<strong>Bello Andino<\/strong>, de 89 a\u00f1os, ocurri\u00f3 en el centro m\u00e9dico\u00a0<strong>Corazones Unidos,<\/strong>\u00a0donde estuvo ingresado por varios d\u00edas.<\/p>\n<p>La informaci\u00f3n fue confirmada por el dirigente pol\u00edtico Claudio de los Santos a trav\u00e9s de Twitter.<\/p>\n<div class=\"twitter-tweet twitter-tweet-rendered\"><iframe id=\"twitter-widget-0\" class=\"\" title=\"Twitter Tweet\" src=\"https:\/\/platform.twitter.com\/embed\/Tweet.html?creatorScreenName=Frontaly&amp;dnt=true&amp;embedId=twitter-widget-0&amp;features=eyJ0ZndfdGltZWxpbmVfbGlzdCI6eyJidWNrZXQiOltdLCJ2ZXJzaW9uIjpudWxsfSwidGZ3X2ZvbGxvd2VyX2NvdW50X3N1bnNldCI6eyJidWNrZXQiOnRydWUsInZlcnNpb24iOm51bGx9LCJ0ZndfdHdlZXRfZWRpdF9iYWNrZW5kIjp7ImJ1Y2tldCI6Im9uIiwidmVyc2lvbiI6bnVsbH0sInRmd19yZWZzcmNfc2Vzc2lvbiI6eyJidWNrZXQiOiJvbiIsInZlcnNpb24iOm51bGx9LCJ0ZndfZm9zbnJfc29mdF9pbnRlcnZlbnRpb25zX2VuYWJsZWQiOnsiYnVja2V0Ijoib24iLCJ2ZXJzaW9uIjpudWxsfSwidGZ3X21peGVkX21lZGlhXzE1ODk3Ijp7ImJ1Y2tldCI6InRyZWF0bWVudCIsInZlcnNpb24iOm51bGx9LCJ0ZndfZXhwZXJpbWVudHNfY29va2llX2V4cGlyYXRpb24iOnsiYnVja2V0IjoxMjA5NjAwLCJ2ZXJzaW9uIjpudWxsfSwidGZ3X3Nob3dfYmlyZHdhdGNoX3Bpdm90c19lbmFibGVkIjp7ImJ1Y2tldCI6Im9uIiwidmVyc2lvbiI6bnVsbH0sInRmd19kdXBsaWNhdGVfc2NyaWJlc190b19zZXR0aW5ncyI6eyJidWNrZXQiOiJvbiIsInZlcnNpb24iOm51bGx9LCJ0ZndfdXNlX3Byb2ZpbGVfaW1hZ2Vfc2hhcGVfZW5hYmxlZCI6eyJidWNrZXQiOiJvbiIsInZlcnNpb24iOm51bGx9LCJ0ZndfdmlkZW9faGxzX2R5bmFtaWNfbWFuaWZlc3RzXzE1MDgyIjp7ImJ1Y2tldCI6InRydWVfYml0cmF0ZSIsInZlcnNpb24iOm51bGx9LCJ0ZndfbGVnYWN5X3RpbWVsaW5lX3N1bnNldCI6eyJidWNrZXQiOnRydWUsInZlcnNpb24iOm51bGx9LCJ0ZndfdHdlZXRfZWRpdF9mcm9udGVuZCI6eyJidWNrZXQiOiJvbiIsInZlcnNpb24iOm51bGx9fQ%3D%3D&amp;frame=false&amp;hideCard=false&amp;hideThread=false&amp;id=1681667206231511040&amp;lang=es&amp;origin=https%3A%2F%2Facento.com.do%2Factualidad%2Fmuere-rafael-bello-andino-dirigente-reformista-y-asistente-de-balaguer-9225998.html&amp;sessionId=871fbd7f241c5b7ad8e43e7beb011a81a5e88e97&amp;siteScreenName=acentodiario&amp;theme=light&amp;widgetsVersion=aaf4084522e3a%3A1674595607486&amp;width=500px\" frameborder=\"0\" scrolling=\"no\" allowfullscreen=\"allowfullscreen\" data-tweet-id=\"1681667206231511040\" data-mce-fragment=\"1\"><\/iframe><\/div>\n<p>&nbsp;<\/p>\n<p>Adem\u00e1s de ser la mano derecha de\u00a0<strong>Balaguer, Bello Andino<\/strong>\u00a0fue ministro de la Presidencia, de\u00a0<strong>Industria y Comercio<\/strong>, y presidente y fundador de la\u00a0<strong>Fundaci\u00f3n Joaqu\u00edn Balaguer<\/strong>.<\/p>\n<p>Empez\u00f3 a trabajar con\u00a0<strong>Balaguer<\/strong>\u00a0en 1956 y desde esa \u00e9poca milit\u00f3 en el Partido Reformista Social Cristiano\u00a0<strong>(PRSC).<\/strong><\/p>\n<p>Impactos: 67<\/p>","protected":false},"excerpt":{"rendered":"<p>Por\u00a0Servicios de Acento.com.do &nbsp; Falleci\u00f3 este mi\u00e9rcoles\u00a0Rafael Bello Andino, quien por a\u00f1os fue el asistente del extinto presidente\u00a0Joaqu\u00edn Balaguer. Aunque todav\u00eda no se ha<\/p>\n","protected":false},"author":3,"featured_media":18520,"comment_status":"closed","ping_status":"closed","sticky":false,"template":"","format":"standard","meta":[],"categories":[6],"tags":[],"_links":{"self":[{"href":"https:\/\/hormigaradio.com\/index.php?rest_route=\/wp\/v2\/posts\/18519"}],"collection":[{"href":"https:\/\/hormigaradio.com\/index.php?rest_route=\/wp\/v2\/posts"}],"about":[{"href":"https:\/\/hormigaradio.com\/index.php?rest_route=\/wp\/v2\/types\/post"}],"author":[{"embeddable":true,"href":"https:\/\/hormigaradio.com\/index.php?rest_route=\/wp\/v2\/users\/3"}],"replies":[{"embeddable":true,"href":"https:\/\/hormigaradio.com\/index.php?rest_route=%2Fwp%2Fv2%2Fcomments&post=18519"}],"version-history":[{"count":1,"href":"https:\/\/hormigaradio.com\/index.php?rest_route=\/wp\/v2\/posts\/18519\/revisions"}],"predecessor-version":[{"id":18521,"href":"https:\/\/hormigaradio.com\/index.php?rest_route=\/wp\/v2\/posts\/18519\/revisions\/18521"}],"wp:featuredmedia":[{"embeddable":true,"href":"https:\/\/hormigaradio.com\/index.php?rest_route=\/wp\/v2\/media\/18520"}],"wp:attachment":[{"href":"https:\/\/hormigaradio.com\/index.php?rest_route=%2Fwp%2Fv2%2Fmedia&parent=18519"}],"wp:term":[{"taxonomy":"category","embeddable":true,"href":"https:\/\/hormigaradio.com\/index.php?rest_route=%2Fwp%2Fv2%2Fcategories&post=18519"},{"taxonomy":"post_tag","embeddable":true,"href":"https:\/\/hormigaradio.com\/index.php?rest_route=%2Fwp%2Fv2%2Ftags&post=18519"}],"curies":[{"name":"wp","href":"https:\/\/api.w.org\/{rel}","templated":true}]}}