{"id":18526,"date":"2023-07-21T13:40:45","date_gmt":"2023-07-21T13:40:45","guid":{"rendered":"https:\/\/hormigaradio.com\/?p=18526"},"modified":"2023-07-21T13:40:45","modified_gmt":"2023-07-21T13:40:45","slug":"la-policia-nacional-cancela-a-23-agentes-en-santiago-por-diversas-faltas","status":"publish","type":"post","link":"https:\/\/hormigaradio.com\/?p=18526","title":{"rendered":"LA POLIC\u00cdA NACIONAL CANCELA A 23 AGENTES EN SANTIAGO POR DIVERSAS FALTAS"},"content":{"rendered":"<p><img loading=\"lazy\" class=\"size-medium wp-image-13417 alignleft\" src=\"http:\/\/hormigaradio.com\/wp-content\/uploads\/2021\/07\/facCHADA-polic\u00eda-300x168.jpeg\" alt=\"\" width=\"300\" height=\"168\" srcset=\"https:\/\/hormigaradio.com\/wp-content\/uploads\/2021\/07\/facCHADA-polic\u00eda-300x168.jpeg 300w, https:\/\/hormigaradio.com\/wp-content\/uploads\/2021\/07\/facCHADA-polic\u00eda.jpeg 715w\" sizes=\"(max-width: 300px) 100vw, 300px\" \/>Fuente: acento.com.do<\/p>\n<p>La Polic\u00eda Nacional cancel\u00f3 23 agentes en la provincia Santiago por diversas faltas, en su mayor\u00eda ausencia a los servicios establecidos y el exceso en el uso de la fuerza.<\/p>\n<p>Los agentes ten\u00edan rangos desde cabo hasta mayor, dijo a la prensa el vocero de la Direcci\u00f3n Regional Cibao Central de la Polic\u00eda Nacional, el capit\u00e1n Fernando P\u00e9rez Valerio.<\/p>\n<p>La fuerza del orden puede aparta de sus filas a uno de sus miembros tras cinco faltas acumuladas, pero el oficial precis\u00f3 que &#8220;una sola falta grave puede llevar a la cancelaci\u00f3n&#8221;.<\/p>\n<p>Desde inicios de su Gobierno en 2020, el presidente Luis Abinader anunci\u00f3 y puso en marcha un proceso para la &#8220;transformaci\u00f3n&#8221; y &#8220;profesionalizaci\u00f3n&#8221; completa de la Polic\u00eda Nacional, un organismo seriamente cuestionado por amplios sectores de la sociedad dominicana.<\/p>\n<p>Para la reforma, el Gobierno busc\u00f3 asesor\u00eda de las polic\u00edas de Colombia, Espa\u00f1a, Chile, Israel y Nueva York, entre otros.<\/p>\n<p>Impactos: 43<\/p>","protected":false},"excerpt":{"rendered":"<p>Fuente: acento.com.do La Polic\u00eda Nacional cancel\u00f3 23 agentes en la provincia Santiago por diversas faltas, en su mayor\u00eda ausencia a los servicios establecidos y<\/p>\n","protected":false},"author":3,"featured_media":13417,"comment_status":"closed","ping_status":"closed","sticky":false,"template":"","format":"standard","meta":[],"categories":[3],"tags":[],"_links":{"self":[{"href":"https:\/\/hormigaradio.com\/index.php?rest_route=\/wp\/v2\/posts\/18526"}],"collection":[{"href":"https:\/\/hormigaradio.com\/index.php?rest_route=\/wp\/v2\/posts"}],"about":[{"href":"https:\/\/hormigaradio.com\/index.php?rest_route=\/wp\/v2\/types\/post"}],"author":[{"embeddable":true,"href":"https:\/\/hormigaradio.com\/index.php?rest_route=\/wp\/v2\/users\/3"}],"replies":[{"embeddable":true,"href":"https:\/\/hormigaradio.com\/index.php?rest_route=%2Fwp%2Fv2%2Fcomments&post=18526"}],"version-history":[{"count":1,"href":"https:\/\/hormigaradio.com\/index.php?rest_route=\/wp\/v2\/posts\/18526\/revisions"}],"predecessor-version":[{"id":18527,"href":"https:\/\/hormigaradio.com\/index.php?rest_route=\/wp\/v2\/posts\/18526\/revisions\/18527"}],"wp:featuredmedia":[{"embeddable":true,"href":"https:\/\/hormigaradio.com\/index.php?rest_route=\/wp\/v2\/media\/13417"}],"wp:attachment":[{"href":"https:\/\/hormigaradio.com\/index.php?rest_route=%2Fwp%2Fv2%2Fmedia&parent=18526"}],"wp:term":[{"taxonomy":"category","embeddable":true,"href":"https:\/\/hormigaradio.com\/index.php?rest_route=%2Fwp%2Fv2%2Fcategories&post=18526"},{"taxonomy":"post_tag","embeddable":true,"href":"https:\/\/hormigaradio.com\/index.php?rest_route=%2Fwp%2Fv2%2Ftags&post=18526"}],"curies":[{"name":"wp","href":"https:\/\/api.w.org\/{rel}","templated":true}]}}