{"id":18528,"date":"2023-07-21T13:50:42","date_gmt":"2023-07-21T13:50:42","guid":{"rendered":"https:\/\/hormigaradio.com\/?p=18528"},"modified":"2023-07-21T13:50:42","modified_gmt":"2023-07-21T13:50:42","slug":"arajet-inaugura-conexion-santiago-con-la-ciudad-de-medellin","status":"publish","type":"post","link":"https:\/\/hormigaradio.com\/?p=18528","title":{"rendered":"ARAJET INAUGURA CONEXI\u00d3N SANTIAGO CON LA CIUDAD DE MEDELL\u00cdN"},"content":{"rendered":"<p><img loading=\"lazy\" class=\"size-full wp-image-18529 alignleft\" src=\"http:\/\/hormigaradio.com\/wp-content\/uploads\/2023\/07\/aaa.jpg\" alt=\"\" width=\"275\" height=\"183\" \/> https:\/\/acento.com.do\/<\/p>\n<p>La aerol\u00ednea\u00a0<strong>Arajet<\/strong>aument\u00f3 su conectividad esta semana convirti\u00e9ndose en la primera l\u00ednea a\u00e9rea que une sin escalas a la ciudad de\u00a0<strong>Santiago<\/strong>\u00a0<strong>de los Caballeros<\/strong>\u00a0con\u00a0<strong>Medell\u00edn<\/strong>\u00a0en<strong>\u00a0Colombia<\/strong>, ofreciendo 740 asientos semanales con operaciones los lunes y jueves.<\/p>\n<p>V\u00edctor Pacheco M\u00e9ndez, director ejecutivo de Arajet, indic\u00f3 que esta nueva conexi\u00f3n permitir\u00e1 a los &#8220;cibae\u00f1os&#8221; conocer y explorar los encantos que ofrece la ciudad Medell\u00edn, con aviones nuevos, precios bajos y la oportunidad de conectar con otros destinos.<\/p>\n<p>\u201cColombia es el tercer pa\u00eds emisor de turistas en la Rep\u00fablica Dominicana y hoy con mucho orgullo somos la primera aerol\u00ednea que une al Aeropuerto Internacional del Cibao con el Aeropuerto Internacional Jos\u00e9 Mar\u00eda C\u00f3rdova, y esta ruta llega para fortalecer los lazos tur\u00edsticos y comerciales entre estas ciudades y que va a beneficiar a toda la cadena de valor de la econom\u00eda de ambos pa\u00edses\u201d, afirm\u00f3 Pacheco M\u00e9ndez.<\/p>\n<p>Asimismo, Javier Andr\u00e9s Ben\u00edtez R\u00edos, gerente del Aeropuerto Internacional Jos\u00e9 Mar\u00eda C\u00f3rdova, expres\u00f3 que gracias al compromiso y la visi\u00f3n de la aerol\u00ednea <a href=\"http:\/\/www.arajet.com\">Arajet,<\/a> se est\u00e1 inaugurando una nueva ruta directa desde ese terminal: &#8220;Santiago de los Caballeros, una ciudad al norte de Rep\u00fablica Dominicana y uno de los principales centros econ\u00f3micos, sociales y culturales de este pa\u00eds del caribe\u201d .<\/p>\n<p>\u201cNos alegra esta segunda ruta directa desde Medell\u00edn ya que nuestros pasajeros disfrutan de mayor comodidad, ahorro de tiempo y conexiones a sus destinos. Felicitamos a Arajet, por esta nueva apuesta a un destino maravilloso y esperamos que las dos frecuencias semanales, lunes y jueves, llenen de buenos viajes a muchos pasajeros colombianos y nos permita recibir muchos dominicanos\u201d asegur\u00f3.<\/p>\n<p>Te\u00f3filo G\u00f3mez, administrador general del <a href=\"https:\/\/aeropuertocibao.com.do\/\">Aeropuerto del Cibao<\/a> dijo que una conexi\u00f3n a Colombia desde el Cibao hab\u00eda sido demandado por mucho tiempo.<\/p>\n<p>Seg\u00fan la Asociaci\u00f3n Colombiana de Agencias de Viajes y Turismo\u00a0<strong>(<a href=\"https:\/\/anato.org\/\">ANATO<\/a>),<\/strong>\u00a0Rep\u00fablica Dominicana se encuentra entre los 10 destinos que prefieren los colombianos a la hora de vacacionar. Adicionalmente, en 2022 los viajeros colombianos a Rep\u00fablica Dominicana crecieron un 154% convirti\u00e9ndose en los \u00faltimos meses en la tercera nacionalidad de turistas que m\u00e1s visitan el pa\u00eds.<\/p>\n<p>\u201cColombia vive un momento hist\u00f3rico en su industria tur\u00edstica. En 2022, sobrepasamos el r\u00e9cord de viajeros internacionales. Rep\u00fablica Dominicana juega un rol muy importante en el creciente n\u00famero de visitantes que recorren nuestros territorios\u201d, se\u00f1al\u00f3 Carmen Caballero, presidenta de ProColombia, la agencia de promoci\u00f3n del pa\u00eds parte del Ministerio de Comercio, Industria y Turismo.<\/p>\n<p>Indic\u00f3 que la nueva ruta entre Medell\u00edn y Santiago de los Caballeros\u00a0 permitir\u00e1 precisamente consolidar ese flujo de viajeros de turismo y de negocios entre ambos pa\u00edses. &#8220;Queremos que m\u00e1s dominicanos piensen en Colombia como un destino ideal para vivir experiencias transformadoras y para conocer una oferta complementaria de bienes y servicios de valor agregado\u201d.<\/p>\n<p>Desde su lanzamiento en septiembre de 2022, m\u00e1s de 280 mil pasajeros han experimentado el servicio de <a href=\"http:\/\/www.arajet.com\">Arajet<\/a> a bordo de su flota de aviones Boeing 737MAX8 de \u00faltima generaci\u00f3n. Actualmente, la aerol\u00ednea opera 18 destinos en 13 pa\u00edses de Am\u00e9rica de Norte, Centro, Sur Am\u00e9rica y el Caribe.<\/p>\n<p>Impactos: 51<\/p>","protected":false},"excerpt":{"rendered":"<p>https:\/\/acento.com.do\/ La aerol\u00ednea\u00a0Arajetaument\u00f3 su conectividad esta semana convirti\u00e9ndose en la primera l\u00ednea a\u00e9rea que une sin escalas a la ciudad de\u00a0Santiago\u00a0de los Caballeros\u00a0con\u00a0Medell\u00edn\u00a0en\u00a0Colombia, ofreciendo<\/p>\n","protected":false},"author":3,"featured_media":18530,"comment_status":"closed","ping_status":"closed","sticky":false,"template":"","format":"standard","meta":[],"categories":[3],"tags":[],"_links":{"self":[{"href":"https:\/\/hormigaradio.com\/index.php?rest_route=\/wp\/v2\/posts\/18528"}],"collection":[{"href":"https:\/\/hormigaradio.com\/index.php?rest_route=\/wp\/v2\/posts"}],"about":[{"href":"https:\/\/hormigaradio.com\/index.php?rest_route=\/wp\/v2\/types\/post"}],"author":[{"embeddable":true,"href":"https:\/\/hormigaradio.com\/index.php?rest_route=\/wp\/v2\/users\/3"}],"replies":[{"embeddable":true,"href":"https:\/\/hormigaradio.com\/index.php?rest_route=%2Fwp%2Fv2%2Fcomments&post=18528"}],"version-history":[{"count":1,"href":"https:\/\/hormigaradio.com\/index.php?rest_route=\/wp\/v2\/posts\/18528\/revisions"}],"predecessor-version":[{"id":18531,"href":"https:\/\/hormigaradio.com\/index.php?rest_route=\/wp\/v2\/posts\/18528\/revisions\/18531"}],"wp:featuredmedia":[{"embeddable":true,"href":"https:\/\/hormigaradio.com\/index.php?rest_route=\/wp\/v2\/media\/18530"}],"wp:attachment":[{"href":"https:\/\/hormigaradio.com\/index.php?rest_route=%2Fwp%2Fv2%2Fmedia&parent=18528"}],"wp:term":[{"taxonomy":"category","embeddable":true,"href":"https:\/\/hormigaradio.com\/index.php?rest_route=%2Fwp%2Fv2%2Fcategories&post=18528"},{"taxonomy":"post_tag","embeddable":true,"href":"https:\/\/hormigaradio.com\/index.php?rest_route=%2Fwp%2Fv2%2Ftags&post=18528"}],"curies":[{"name":"wp","href":"https:\/\/api.w.org\/{rel}","templated":true}]}}