{"id":18534,"date":"2023-07-23T15:06:46","date_gmt":"2023-07-23T15:06:46","guid":{"rendered":"https:\/\/hormigaradio.com\/?p=18534"},"modified":"2023-07-23T15:25:25","modified_gmt":"2023-07-23T15:25:25","slug":"las-familias-del-poder-politico-y-sus-herederos-en-santiago","status":"publish","type":"post","link":"https:\/\/hormigaradio.com\/?p=18534","title":{"rendered":"LAS FAMILIAS DEL PODER POL\u00cdTICO Y SUS HEREDEROS EN SANTIAGO"},"content":{"rendered":"<p>Por\u00a0<span class=\"name font-700\"><a title=\"M\u00e1ximo Laureano\" href=\"https:\/\/acento.com.do\/autor\/mlaureano.html\">M\u00e1ximo Laureano<\/a><\/span><\/p>\n<p>En la historia reciente de la pol\u00edtica,\u00a0<strong>Santiago,<\/strong>\u00a0como una de las plazas de votantes m\u00e1s importantes del pa\u00eds, ha tenido mucho protagonismo, provincia en la cual se han nucleado grupos familiares que han tenido mucha presencia en las decisiones electorales en las distintas agrupaciones pol\u00edticas.<\/p>\n<p>Fadul, Serulle, Sued, Guzm\u00e1n, Dur\u00e1n y otros apellidos han sido de mucho impacto en la pol\u00edtica local, en algunos casos traspasando los cargos de una generaci\u00f3n a otra, como si se tratara de una herencia particular.<\/p>\n<h2>Los Fadul<\/h2>\n<figure id=\"attachment_18538\" aria-describedby=\"caption-attachment-18538\" style=\"width: 715px\" class=\"wp-caption alignnone\"><img loading=\"lazy\" class=\"wp-image-18538 size-large\" src=\"http:\/\/hormigaradio.com\/wp-content\/uploads\/2023\/07\/Victor-Fadul-1200x675-1-1024x576.jpg\" alt=\"\" width=\"715\" height=\"402\" srcset=\"https:\/\/hormigaradio.com\/wp-content\/uploads\/2023\/07\/Victor-Fadul-1200x675-1-1024x576.jpg 1024w, https:\/\/hormigaradio.com\/wp-content\/uploads\/2023\/07\/Victor-Fadul-1200x675-1-300x169.jpg 300w, https:\/\/hormigaradio.com\/wp-content\/uploads\/2023\/07\/Victor-Fadul-1200x675-1-768x432.jpg 768w, https:\/\/hormigaradio.com\/wp-content\/uploads\/2023\/07\/Victor-Fadul-1200x675-1.jpg 1200w\" sizes=\"(max-width: 715px) 100vw, 715px\" \/><figcaption id=\"caption-attachment-18538\" class=\"wp-caption-text\"><em><strong>V\u00edctor Fadul.<\/strong><\/em><\/figcaption><\/figure>\n<p>Si el diputado\u00a0<strong>V\u00edctor Mananuel Fadul Lantigua<\/strong>, del Partido de la Liberaci\u00f3n Dominicana\u00a0<strong>(PLD),<\/strong>\u00a0se convirtiera en candidato alcalde, por\u00a0<strong>Santiago<\/strong>\u00a0y resultar\u00e1 electo en febrero del 2024, se convert\u00eda en alcalde, 34 a\u00f1os despu\u00e9s de que lo lograra su padre,\u00a0<strong>Jos\u00e9 Ram\u00f3n Ram\u00f3n Fadul (Monchy),<\/strong>\u00a0quien ocup\u00f3 este cargo en el per\u00edodo 1990-1994, representando esta misma organizaci\u00f3n pol\u00edtica.<\/p>\n<p>Al igual que su padre,\u00a0<strong>V\u00edctor Fadul<\/strong>, de 36 a\u00f1os de edad, ganar\u00eda el puesto desde la oposici\u00f3n, con la diferencia de que el voto para elegir a los alcaldes, antes s\u00edndico, ahora hace de manera directa por el candidato, para 1990, los alcaldes se eleg\u00edan por el arrastre del voto presidencial.<\/p>\n<p><strong>Monchy<\/strong>\u00a0tambi\u00e9n fue legislador, ministro de Trabajo y de Interior y Polic\u00eda, enlace entre el Congreso y el Gobierno, entre otros cargos, en los gobiernos de su partido. Es integrante del Comit\u00e9 Pol\u00edtico del\u00a0<strong>PLD<\/strong>\u00a0en el partido morado.<\/p>\n<p>Con Fadul Lantigua, se extiende el legado del linaje de la familia Fadul, en cargos p\u00fablicos, su t\u00eda, Rosita Fadul De Villam\u00e1n, fue gobernadora de Santiago, diputada y su primo, el general de la\u00a0<strong>Polic\u00eda Nacional<\/strong>, Jos\u00e9 Sigfredo Fern\u00e1ndez Fadul (hijo de Rosita), fue director de la Autoridad Metropolitana de Transporte\u00a0<strong>(Amet),<\/strong>\u00a0hoy Direcci\u00f3n General de Seguridad de Tr\u00e1nsito y Transporte Terrestre\u00a0<strong>(Digesett).<\/strong><\/p>\n<div class=\"banner-box\">\n<div id=\"div-gpt-news-middle-2-1\" data-google-query-id=\"CM7S84-MpYADFWGRgwgdPjcPhA\">\n<div id=\"google_ads_iframe_\/5168668\/News_Middle_02_0__container__\">Su t\u00edo Ernesto Fadul (m\u00e9dico y comentarista en las redes sociales), tambi\u00e9n ha estado en la pol\u00edtica, como miembro del Partido Revolucionario Dominicano <strong>(PRD),<\/strong>\u00a0Partido Revolucionario Moderno\u00a0<strong>(PRM),<\/strong>\u00a0en la actualidad es parte de la direcci\u00f3n del Partido Esperanza Democr\u00e1tica (PED), seg\u00fan ha dicho el l\u00edder de esta organizaci\u00f3n,\u00a0<strong>Ramfis Dom\u00ednguez Trujillo.<\/strong><\/div>\n<\/div>\n<\/div>\n<p>Tambi\u00e9n del linaje de los\u00a0<strong>Fadul,<\/strong>\u00a0ha entrado en la pol\u00edtica,\u00a0<strong>Haydee Fadul<\/strong>, quien se promueve como precandidata a diputada en la Circunscripci\u00f3n 03 de Santiago, donde aspira a heredar la curul de su hermano\u00a0<strong>V\u00edctor Fadul.<\/strong><\/p>\n<h2>Los Guzm\u00e1n<\/h2>\n<p>Aunque\u00a0<strong>Silvestre Antonio Guzm\u00e1n Fern\u00e1ndez<\/strong>, naci\u00f3 en La Vega, desarroll\u00f3 su vida pol\u00edtica en Santiago, donde resid\u00eda, cuando se convirti\u00f3 en presidente de la Rep\u00fablica, 1978-1982, su hija\u00a0<strong>Sonia Guzm\u00e1n Klang<\/strong>, fue ministra de Industria y Comercio, en el Gobierno de Hip\u00f3lito Mej\u00eda 2000-2004, en la actualidad, es embajadora de la Rep\u00fablica de la Rep\u00fablica Dominicana, Washington, D.C., Estados Unidos de Am\u00e9rica.<\/p>\n<p>Su hijo\u00a0<strong>Iv\u00e1n Hern\u00e1ndez Guzm\u00e1n<\/strong>, quien ha buscado la Senadur\u00eda de Santiago, en varias ocasiones, sin llegar a la ser el candidato oficial, tras la juramentaci\u00f3n del presidente de la Rep\u00fablica, Luis Abinader, fue nombrado como el director de la Instituto Nacional de Estabilizaci\u00f3n de Precios\u00a0<strong>(Inespre).<\/strong><\/p>\n<p>El expresidente\u00a0<strong>Hip\u00f3lito Mej\u00eda<\/strong>, quien fuera ministro de\u00a0<strong>Agricultura,<\/strong>\u00a0en el Gobierno de Guzm\u00e1n Fern\u00e1ndez, 1978-1982 y presidente de la Rep\u00fablica, 2000-2004, tambi\u00e9n ha dejado su descendencia en la pol\u00edtica, su hija,<strong>\u00a0Carolina Mej\u00eda G\u00f3mez<\/strong>, es la actual alcaldesa del Distrito Nacional, antes fue candidata vicepresidencial en las elecciones de del 2016.<\/p>\n<div class=\"banner-box\"><\/div>\n<h2>Los Serulle<\/h2>\n<figure id=\"attachment_7495\" aria-describedby=\"caption-attachment-7495\" style=\"width: 500px\" class=\"wp-caption alignnone\"><img loading=\"lazy\" class=\"wp-image-7495 size-full\" src=\"http:\/\/hormigaradio.com\/wp-content\/uploads\/2019\/10\/serulle.jpg\" alt=\"\" width=\"500\" height=\"333\" srcset=\"https:\/\/hormigaradio.com\/wp-content\/uploads\/2019\/10\/serulle.jpg 500w, https:\/\/hormigaradio.com\/wp-content\/uploads\/2019\/10\/serulle-300x200.jpg 300w\" sizes=\"(max-width: 500px) 100vw, 500px\" \/><figcaption id=\"caption-attachment-7495\" class=\"wp-caption-text\"><em><strong>Gilberto Serulle, ex alcalde de Santiago, 2010-2016.<\/strong><\/em><\/figcaption><\/figure>\n<p>La familia\u00a0<strong>Serulle<\/strong>\u00a0tambi\u00e9n ha estado en las decisiones de la pol\u00edtica, el m\u00e9dico\u00a0<strong>El\u00edas Serulle<\/strong>\u00a0fue, por mucho tiempo, presidente del\u00a0<strong>PRD.<\/strong>\u00a0Igualmente fue diputado.\u00a0<strong>Juli\u00e1n Serulle<\/strong>\u00a0fue presidente del\u00a0<strong>PLD<\/strong>\u00a0en Santiago. En el primer gobierno del\u00a0<strong>PLD,<\/strong>\u00a01996-2000, fue director del Instituto Dominicano de Seguros Sociales\u00a0<strong>(IDSS),<\/strong>\u00a0en 1998, fue candidato a senador, fue derrotado por\u00a0<strong>Jos\u00e9 Rafael Abinader<\/strong>, padre del presidente de la Rep\u00fablica,\u00a0<strong>Luis Abinader<\/strong>.<\/p>\n<p>En las elecciones presidenciales del 2012, tras su salida del\u00a0<strong>PLD, Juli\u00e1n Serulle<\/strong>, se convirti\u00f3 en el candidato presidencial del partido\u00a0<strong>Frente Amplio<\/strong>.<\/p>\n<p><strong>Gilberto Serrulle<\/strong>, diputado por Santiago en dos per\u00edodos en la boleta del\u00a0<strong>PLD<\/strong>\u00a0en 2010, abandon\u00f3 esa organizaci\u00f3n pol\u00edtica y se convirti\u00f3 en candidato alcalde por el Movimiento Unidad y Cambio\u00a0<strong>(MIUCA),<\/strong>\u00a0hoy\u00a0<strong>Frente Amplio<\/strong>\u00a0y el\u00a0<strong>PRD,<\/strong>\u00a0gan\u00f3 las elecciones para per\u00edodo especial 2010-2016.<\/p>\n<p>Su hermano,\u00a0<strong>Rafael Serulle<\/strong>, quien fue director regional del Ministerio de\u00a0<strong>Obras P\u00fablicas<\/strong>\u00a0con asiento en Santiago, fue candidato a alcalde en las elecciones del 2002.<\/p>\n<p><strong>Sigfredo Serulle<\/strong>\u00a0fue director regional\u00a0<strong>Bienes Nacionales<\/strong>, en la actualidad aspira a la Alcald\u00eda, por el partido Fuerza del Pueblo, que lidera\u00a0<strong>Leonel Fern\u00e1ndez<\/strong>. Haffe Serulle, ha estado ligado al Ministerio de Cultura y\u00a0<strong>Jos\u00e9 Serulle<\/strong>, fue embajador en\u00a0<strong>Trinidad y Tobago<\/strong>.<\/p>\n<div class=\"banner-box\"><\/div>\n<h2>Los Dur\u00e1n<\/h2>\n<p>Los hermanos Silvio, Roberto y Mart\u00edn Dur\u00e1n (ingenieros), se las han arreglado para estar en cargos p\u00fablicos en los \u00faltimos a\u00f1os, siendo el m\u00e1s representativo la direcci\u00f3n de la Corporaci\u00f3n de Acueducto y Alcantarillado de Santiago (<strong>Coraasan),<\/strong>\u00a0que estuvo a cargo de\u00a0<strong>Silvio Dur\u00e1n<\/strong>, en los dos gobiernos de\u00a0<strong>Danilo Medina<\/strong>, en el\u00a0<strong>PLD,<\/strong>\u00a02012-2020.<\/p>\n<p><strong>Mart\u00edn Dur\u00e1n<\/strong>\u00a0fue el responsable de la pol\u00edtica de construcci\u00f3n de las gestiones del alcalde del Partido Reformista Social Cristiano\u00a0<strong>(PRSC),<\/strong>\u00a0<strong>Jos\u00e9 Enrique Sued<\/strong>, 1994-1998, 2002-2010, como director de\u00a0<strong>Obras P\u00fablicas<\/strong>\u00a0Municipales.<\/p>\n<p><strong>Mart\u00edn Dur\u00e1n<\/strong>\u00a0ha buscado ser diputado en varias ocasiones, desde el\u00a0<strong>PRSC,<\/strong>\u00a0el\u00a0<strong>PLD<\/strong>\u00a0y ahora lo intenta desde el partido\u00a0<strong>Fuerza del Pueblo.<\/strong><\/p>\n<p><strong>Roberto Dur\u00e1n<\/strong>\u00a0fue director regional del Instituto Nacional de Recursos Hidr\u00e1ulicos\u00a0<strong>(Indrhi).<\/strong><\/p>\n<h2>Los Sued<\/h2>\n<figure id=\"attachment_5948\" aria-describedby=\"caption-attachment-5948\" style=\"width: 500px\" class=\"wp-caption alignnone\"><img loading=\"lazy\" class=\"wp-image-5948 size-full\" src=\"http:\/\/hormigaradio.com\/wp-content\/uploads\/2019\/05\/SUED-MIA.jpg\" alt=\"\" width=\"500\" height=\"334\" srcset=\"https:\/\/hormigaradio.com\/wp-content\/uploads\/2019\/05\/SUED-MIA.jpg 500w, https:\/\/hormigaradio.com\/wp-content\/uploads\/2019\/05\/SUED-MIA-300x200.jpg 300w\" sizes=\"(max-width: 500px) 100vw, 500px\" \/><figcaption id=\"caption-attachment-5948\" class=\"wp-caption-text\"><em><strong>Jos\u00e9 Sued, alcalde de Santiago, 1994-1998, 2002-2010.<\/strong><\/em><\/figcaption><\/figure>\n<p><strong>Los Sued<\/strong>\u00a0han sido una familia de mucha presencia en la pol\u00edtica de Santiago, siendo el m\u00e1s destacado,\u00a0<strong>Jos\u00e9 Enrique Sued Sem<\/strong>, quien fue director de la hoy desaparecida Industria del Papel\u00a0<strong>(Indupapel),<\/strong>\u00a0en\u00a0<strong>Villa Altagracia<\/strong>, director distrital de Licey al Medio, regidor de Santiago y alcalde en tres ocasiones, por el PRSC.<\/p>\n<p><strong>V\u00edctor Garc\u00eda Sued<\/strong>, primo de\u00a0<strong>Sued Sem<\/strong>, fue senador y diputado por\u00a0<strong>Santiago,<\/strong>\u00a0por el\u00a0<strong>PRSC,<\/strong>\u00a0fue tambi\u00e9n secretario del Ayuntamiento de Santiago, en la administraci\u00f3n de\u00a0<strong>Jos\u00e9 Enrique Sued<\/strong>.<\/p>\n<p>En la actualidad,\u00a0<strong>Vitico<\/strong>\u00a0como se le conoce, es viceministro de Industria, Comercio y Mipymes, con asiento en\u00a0<strong>Santiago,<\/strong>\u00a0para la regi\u00f3n de Santiago.<\/p>\n<p><strong>Benny Sued<\/strong>, hermana de\u00a0<strong>Jos\u00e9 Enrique Sued<\/strong>, fue directora del departamento de Plazas y Parques, en el Ayuntamiento, otros parientes suyos, tambi\u00e9n laboraron en la Alcald\u00eda local.<\/p>\n<h2>Los Cruz<\/h2>\n<p><strong>Rafael Ulises Cruz<\/strong>, conocido como Papo, fue un activista pol\u00edtico y deportista, que milit\u00f3 en el PRSC, fue director del departamento de Deportes del Ayuntamiento y subsecretario (viceministro) de Deportes, adem\u00e1s fue regidor por su partido en varias ocasiones, en Santiago.<\/p>\n<p>Su hijo\u00a0<strong>Rafael Ulises Cruz<\/strong>, conocido como\u00a0<strong>Papito Cruz<\/strong>, ha sido regidor en varios per\u00edodos, fue presidente del Consejo de Regidores y candidato a alcalde del\u00a0<strong>PRSC,<\/strong>\u00a0en el a\u00f1o 2020.<\/p>\n<div class=\"banner-box\"><\/div>\n<p>Actualmente es el secretario general del\u00a0<strong>PRSC,<\/strong>\u00a0luego de ocupar la presidencia del partido en Santiago.<\/p>\n<h2>Los Castro<\/h2>\n<p>&nbsp;<\/p>\n<figure id=\"attachment_18540\" aria-describedby=\"caption-attachment-18540\" style=\"width: 225px\" class=\"wp-caption alignright\"><img loading=\"lazy\" class=\"wp-image-18540 size-full\" src=\"http:\/\/hormigaradio.com\/wp-content\/uploads\/2023\/07\/descarga-11.jpg\" alt=\"\" width=\"225\" height=\"225\" srcset=\"https:\/\/hormigaradio.com\/wp-content\/uploads\/2023\/07\/descarga-11.jpg 225w, https:\/\/hormigaradio.com\/wp-content\/uploads\/2023\/07\/descarga-11-150x150.jpg 150w, https:\/\/hormigaradio.com\/wp-content\/uploads\/2023\/07\/descarga-11-215x215.jpg 215w\" sizes=\"(max-width: 225px) 100vw, 225px\" \/><figcaption id=\"caption-attachment-18540\" class=\"wp-caption-text\"><strong><em>M\u00e1ximo Castro Silverio,<\/em><\/strong><\/figcaption><\/figure>\n<p>Hace unos d\u00edas, el\u00a0<strong>PRSC<\/strong>\u00a0complet\u00f3 su proceso de inscripci\u00f3n de precandidaturas y sorprendi\u00f3 que el veterano diputado\u00a0<strong>M\u00e1ximo Castro Silverio<\/strong>, uno de los s\u00edmbolos de esta organizaci\u00f3n en Santiago, no se anot\u00f3 para optar por un per\u00edodo m\u00e1s en el\u00a0<strong>Congreso Nacional<\/strong>, donde cumplir\u00e1 38 a\u00f1os en el 2024.<\/p>\n<p>Se ha informado que el veterano congresista, pasar\u00eda la antorcha a su nieto,\u00a0<strong>Max Castro<\/strong>, que, en la actualidad es regidor del\u00a0<strong>PRSC,<\/strong>\u00a0en el Ayuntamiento de Santiago, a quien se le habr\u00eda reservado el puesto de en la boleta de la Circunscripci\u00f3n 01.<\/p>\n<p><strong>El\u00edas Castro Silverio<\/strong>, hermano del diputado, fue regidor \u201chasta que quiso\u201d, en el Ayuntamiento de Santiago, siendo due\u00f1o de la casilla uno en la boleta colorada, en cada proceso electoral.<\/p>\n<p>El\u00edas fue presidente del Consejo de Regidores y luego pas\u00f3 a ser director de la Junta Distrital, en San Francisco de Jacagua.<\/p>\n<h2>Los Mart\u00ednez<\/h2>\n<figure id=\"attachment_8477\" aria-describedby=\"caption-attachment-8477\" style=\"width: 715px\" class=\"wp-caption alignnone\"><img loading=\"lazy\" class=\"wp-image-8477 size-large\" src=\"http:\/\/hormigaradio.com\/wp-content\/uploads\/2020\/02\/abel-en-caRAVANA-1024x846.jpg\" alt=\"\" width=\"715\" height=\"591\" srcset=\"https:\/\/hormigaradio.com\/wp-content\/uploads\/2020\/02\/abel-en-caRAVANA.jpg 1024w, https:\/\/hormigaradio.com\/wp-content\/uploads\/2020\/02\/abel-en-caRAVANA-300x248.jpg 300w, https:\/\/hormigaradio.com\/wp-content\/uploads\/2020\/02\/abel-en-caRAVANA-768x635.jpg 768w\" sizes=\"(max-width: 715px) 100vw, 715px\" \/><figcaption id=\"caption-attachment-8477\" class=\"wp-caption-text\"><em><strong>Abel Mart\u00ednez en campa\u00f1a, en Santiago de los Caballeros.<\/strong><\/em><\/figcaption><\/figure>\n<p>Aunque son oriundos de la provincia\u00a0<strong>Santiago Rodr\u00edguez<\/strong>, Santiago ha sido su espacio para hacer pol\u00edtica, el m\u00e1s destacado ha sido\u00a0<strong>Abel Atahualpa Mart\u00ednez Dur\u00e1n<\/strong>, elegido diputado en tres ocasiones, en el Distrito Electoral 01 de Santiago, fue presidente de la\u00a0<strong>C\u00e1mara de Diputados<\/strong>, por seis a\u00f1os.<\/p>\n<p>Elegido alcalde de Santiago, en 2016, reelecto en 2020, es el actual candidato presidencial del\u00a0<strong>PLD.<\/strong><\/p>\n<p>Su hermano,\u00a0<strong>Mayobanex Mart\u00ednez<\/strong>, fue elegido diputado en 2020, heredando el puesto de\u00a0<strong>Abel<\/strong>\u00a0en la boleta. Para el 2024,\u00a0<strong>Mayobanex Mart\u00ednez<\/strong>, estar\u00eda buscando su primera reelecci\u00f3n.<\/p>\n<p>Un segundo hermano del alcalde Santiago,\u00a0<strong>Hatuey Mart\u00ednez<\/strong>, fue director de Asuntos Ambientales, en la Corporaci\u00f3n de Acueducto y Alcantarillado de Santiago (<strong>Coraasan<\/strong>).<\/p>\n<h2>Los Dom\u00ednguez<\/h2>\n<figure id=\"attachment_18111\" aria-describedby=\"caption-attachment-18111\" style=\"width: 608px\" class=\"wp-caption alignnone\"><img loading=\"lazy\" class=\"wp-image-18111 size-full\" src=\"http:\/\/hormigaradio.com\/wp-content\/uploads\/2023\/04\/pedro-dominguez-brito-d415710b-focus-min0.02-0.31-608-342.jpg\" alt=\"\" width=\"608\" height=\"342\" srcset=\"https:\/\/hormigaradio.com\/wp-content\/uploads\/2023\/04\/pedro-dominguez-brito-d415710b-focus-min0.02-0.31-608-342.jpg 608w, https:\/\/hormigaradio.com\/wp-content\/uploads\/2023\/04\/pedro-dominguez-brito-d415710b-focus-min0.02-0.31-608-342-300x169.jpg 300w\" sizes=\"(max-width: 608px) 100vw, 608px\" \/><figcaption id=\"caption-attachment-18111\" class=\"wp-caption-text\"><em><strong>Pedro Dom\u00ednguez Brito, cuando pas\u00f3 al PRM.<\/strong><\/em><\/figcaption><\/figure>\n<p>Marcado por la carrera pol\u00edtica, de\u00a0<strong>Francisco Dom\u00ednguez Brito<\/strong>, quien ha sido senador de Santiago, fiscal en el\u00a0<strong>Distrito Nacional<\/strong>, ministro de Trabajo y tres veces precandidato presidencial del\u00a0<strong>PLD.<\/strong><\/p>\n<p>Su hermano mayor,\u00a0<strong>Pedro Dom\u00ednguez<\/strong>\u00a0<strong>Brito<\/strong>, fue precandidato a alcalde en\u00a0<strong>Santiago<\/strong>. En la gesti\u00f3n de\u00a0<strong>Danilo Medina<\/strong>, 2016-2020, labor\u00f3 en el Instituto Dominicano de las Telecomunicaciones\u00a0<strong>(Indotel).<\/strong><\/p>\n<p>A principios del a\u00f1o 2022, renunci\u00f3 al\u00a0<strong>PLD,<\/strong>\u00a0y en tiempos recientes, se jurament\u00f3 en el Partido Revolucionario Moderno\u00a0<strong>(PRM),<\/strong>\u00a0en un acto en el cual elogi\u00f3 el trabajo pol\u00edtico del presidente de la Rep\u00fablica, Luis Abinader, con quien dijo quer\u00eda estar, aunque fuera como mandadero.<\/p>\n<h2>Los Izquierdo<\/h2>\n<figure id=\"attachment_6582\" aria-describedby=\"caption-attachment-6582\" style=\"width: 225px\" class=\"wp-caption alignright\"><img loading=\"lazy\" class=\"wp-image-6582 size-medium\" src=\"http:\/\/hormigaradio.com\/wp-content\/uploads\/2019\/07\/profesor-Jos\u00e9-Izquierdo-225x300.jpg\" alt=\"\" width=\"225\" height=\"300\" srcset=\"https:\/\/hormigaradio.com\/wp-content\/uploads\/2019\/07\/profesor-Jos\u00e9-Izquierdo-225x300.jpg 225w, https:\/\/hormigaradio.com\/wp-content\/uploads\/2019\/07\/profesor-Jos\u00e9-Izquierdo-768x1024.jpg 768w, https:\/\/hormigaradio.com\/wp-content\/uploads\/2019\/07\/profesor-Jos\u00e9-Izquierdo.jpg 864w\" sizes=\"(max-width: 225px) 100vw, 225px\" \/><figcaption id=\"caption-attachment-6582\" class=\"wp-caption-text\"><em><strong>Jos\u00e9 Izquierdo..<\/strong><\/em><\/figcaption><\/figure>\n<p><strong>Jarizqui Izquierdo<\/strong>\u00a0es regidor de Santiago por el partido\u00a0<strong>Fuerza del Pueblo<\/strong>\u00a0y ser\u00eda candidato a diputado para las elecciones del 2024. Su padre, el profesor\u00a0<strong>Jos\u00e9 Izquierdo Reynoso<\/strong>, fue el presidente del\u00a0<strong>PLD,<\/strong>\u00a0en Santiago, fue gobernador de Santiago, regidor y diputado.<\/p>\n<p>Tambi\u00e9n ocup\u00f3 los cargos de direcci\u00f3n en\u00a0<strong>Proindustria<\/strong>\u00a0y el\u00a0<strong>Fonper,<\/strong>\u00a0en la actualidad, es de la direcci\u00f3n central de\u00a0<strong>Fuerza del Pueblo<\/strong>.<\/p>\n<h2>Valent\u00edn<\/h2>\n<p>El fundador del partido\u00a0<strong>Justicia Social, Julio C\u00e9sar Valent\u00edn<\/strong>, ha sido dos veces senador, tres veces diputado y presidente de la\u00a0<strong>C\u00e1mara de Diputados<\/strong>, fiscal de Santiago y jueza de paz, todos estos puestos en el\u00a0<strong>PLD,<\/strong>\u00a0partido del cual renunci\u00f3 en noviembre del 2022.<\/p>\n<p><strong>Mayra Rodr\u00edguez<\/strong>, hoy exesposa del exsenador, fue regidora de Santiago en el\u00a0<strong>PLD.<\/strong>\u00a0El hijo de<\/p>\n<p>Impactos: 136<\/p>","protected":false},"excerpt":{"rendered":"<p>Por\u00a0M\u00e1ximo Laureano En la historia reciente de la pol\u00edtica,\u00a0Santiago,\u00a0como una de las plazas de votantes m\u00e1s importantes del pa\u00eds, ha tenido mucho protagonismo, provincia<\/p>\n","protected":false},"author":3,"featured_media":13654,"comment_status":"closed","ping_status":"closed","sticky":false,"template":"","format":"standard","meta":[],"categories":[9],"tags":[],"_links":{"self":[{"href":"https:\/\/hormigaradio.com\/index.php?rest_route=\/wp\/v2\/posts\/18534"}],"collection":[{"href":"https:\/\/hormigaradio.com\/index.php?rest_route=\/wp\/v2\/posts"}],"about":[{"href":"https:\/\/hormigaradio.com\/index.php?rest_route=\/wp\/v2\/types\/post"}],"author":[{"embeddable":true,"href":"https:\/\/hormigaradio.com\/index.php?rest_route=\/wp\/v2\/users\/3"}],"replies":[{"embeddable":true,"href":"https:\/\/hormigaradio.com\/index.php?rest_route=%2Fwp%2Fv2%2Fcomments&post=18534"}],"version-history":[{"count":5,"href":"https:\/\/hormigaradio.com\/index.php?rest_route=\/wp\/v2\/posts\/18534\/revisions"}],"predecessor-version":[{"id":18541,"href":"https:\/\/hormigaradio.com\/index.php?rest_route=\/wp\/v2\/posts\/18534\/revisions\/18541"}],"wp:featuredmedia":[{"embeddable":true,"href":"https:\/\/hormigaradio.com\/index.php?rest_route=\/wp\/v2\/media\/13654"}],"wp:attachment":[{"href":"https:\/\/hormigaradio.com\/index.php?rest_route=%2Fwp%2Fv2%2Fmedia&parent=18534"}],"wp:term":[{"taxonomy":"category","embeddable":true,"href":"https:\/\/hormigaradio.com\/index.php?rest_route=%2Fwp%2Fv2%2Fcategories&post=18534"},{"taxonomy":"post_tag","embeddable":true,"href":"https:\/\/hormigaradio.com\/index.php?rest_route=%2Fwp%2Fv2%2Ftags&post=18534"}],"curies":[{"name":"wp","href":"https:\/\/api.w.org\/{rel}","templated":true}]}}