{"id":18560,"date":"2023-07-27T04:23:00","date_gmt":"2023-07-27T04:23:00","guid":{"rendered":"https:\/\/hormigaradio.com\/?p=18560"},"modified":"2023-07-27T04:25:48","modified_gmt":"2023-07-27T04:25:48","slug":"jose-izquierdo-asegura-en-este-gobierno-se-han-deteriorado-todos-los-servicios","status":"publish","type":"post","link":"https:\/\/hormigaradio.com\/?p=18560","title":{"rendered":"JOS\u00c9 IZQUIERDO ASEGURA EN ESTE GOBIERNO SE HAN DETERIORADO TODOS LOS SERVICIOS"},"content":{"rendered":"<p>Por\u00a0<span class=\"name font-700\"><a title=\"M\u00e1ximo Laureano\" href=\"https:\/\/acento.com.do\/autor\/mlaureano.html\">M\u00e1ximo Laureano<\/a><\/span><\/p>\n<p>Para el exgobernador de Santiago,\u00a0<strong>Jos\u00e9 Agusto Izquierdo Reynoso<\/strong>, el Partido Revolucionario Moderno\u00a0<strong>(PRM)<\/strong>\u00a0y el presidente\u00a0<strong>Luis Abinader<\/strong>, \u201cno han pegado una\u201d, en los tres a\u00f1os que suman en la administraci\u00f3n del Estado.<\/p>\n<p><strong>Izquierdo,<\/strong>\u00a0quien fuera adem\u00e1s director de\u00a0<strong>ProIndustria<\/strong>\u00a0y\u00a0<strong>Fonper,<\/strong>\u00a0en los gobiernos del Partido de la Liberaci\u00f3n Dominicana\u00a0<strong>(PLD),<\/strong>\u00a0ha proclamado que en la gesti\u00f3n actual se han deshecho todos los servicios p\u00fablicos y que las actuales autoridades no tienen respuestas a los reclamos que hace la poblaci\u00f3n.<\/p>\n<p>Sustentado en la pr\u00e9dica de que solo el partido\u00a0<strong>Fuerza del Pueblo<\/strong>\u00a0(FP),\u00a0<strong>Leonel Fern\u00e1ndez<\/strong>\u00a0salva el pa\u00eds &#8220;de la desgracia en que lo ha metido la administraci\u00f3n del\u00a0<strong>PRM&#8221;,<\/strong>\u00a0Izquierdo afirm\u00f3 que en la actualidad nada funciona, es decir, que hay un deterioro desde el Sistema de Emergencia 911 hasta los servicios de migraci\u00f3n, enti\u00e9ndase pasaportes.<\/p>\n<p>&nbsp;<\/p>\n<div class=\"amp-hidden\"><\/div>\n<p><iframe class=\"i-amphtml-fill-content\" src=\"https:\/\/player.vimeo.com\/video\/848799234?title=0&amp;amp;byline=0#amp=1\" name=\"amp_iframe0\" frameborder=\"0\" sandbox=\"allow-scripts allow-same-origin\" data-mce-fragment=\"1\"><\/iframe><\/p>\n<p>&nbsp;<\/p>\n<p>&#8220;El gobierno del presidente\u00a0<strong>Luis Abinader<\/strong>\u00a0sobre todo se caracteriza por la improvisaci\u00f3n y por el deterioro de los servicios p\u00fablicos\u201d, manifest\u00f3 el dirigente pol\u00edtico.<\/p>\n<div class=\"banner-box\"><\/div>\n<p>El tambi\u00e9n presidente del Comit\u00e9 Provincial de la\u00a0<strong>FP<\/strong>\u00a0en Santiago y miembro de la Direcci\u00f3n Pol\u00edtica, remach\u00f3 asegurando que el actual gobierno ha sumido el pa\u00eds en una situaci\u00f3n catastr\u00f3fica.<\/p>\n<p>Al participar como invitado en el\u00a0<em>Martes de Prensa<\/em>\u00a0en Louis Cigars Bar, el exdiputado Izquierdo afirm\u00f3 que, en tres a\u00f1os de gobierno, el primer mandatario no tiene una obra que pueda exhibir, ni en Santiago ni en ning\u00fan otro punto del pa\u00eds, a lo que agreg\u00f3 que, en un plazo similar, \u201cLeonel hizo un metro\u201d.<\/p>\n<p>&#8220;El presidente\u00a0<strong>Abinader<\/strong>\u00a0ha exhibido obras ejecutadas por gobiernos anteriores como suyas, entre ellas la Circunvalaci\u00f3n Norte, en Santiago, entre otras&#8221;, expres\u00f3 el dirigente de la\u00a0<strong>FP.<\/strong><\/p>\n<p><strong>Izquierdo<\/strong>\u00a0asegur\u00f3 que el retorno de\u00a0<strong>Leonel Fern\u00e1ndez<\/strong>\u00a0a la conducci\u00f3n del Estado es inminente, como \u00fanica forma de aliviar la situaci\u00f3n de desesperanza que vive el pueblo dominicano.<\/p>\n<p>Aunque el tema de la corrupci\u00f3n no ha sido una bandera para el partido FP, Izquierdo indic\u00f3 que importantes funcionarios de alto cargo de la administraci\u00f3n actual deber\u00e1n responder ante la justicia por el destino de miles de millones de pesos.<\/p>\n<div class=\"banner-box\">\n<div id=\"div-gpt-news-middle-2-2\" data-google-query-id=\"CJzwibWEroADFYzzhwoda58PAA\"><\/div>\n<\/div>\n<p>Impactos: 59<\/p>","protected":false},"excerpt":{"rendered":"<p>Por\u00a0M\u00e1ximo Laureano Para el exgobernador de Santiago,\u00a0Jos\u00e9 Agusto Izquierdo Reynoso, el Partido Revolucionario Moderno\u00a0(PRM)\u00a0y el presidente\u00a0Luis Abinader, \u201cno han pegado una\u201d, en los tres<\/p>\n","protected":false},"author":3,"featured_media":18562,"comment_status":"closed","ping_status":"closed","sticky":false,"template":"","format":"standard","meta":[],"categories":[6],"tags":[],"_links":{"self":[{"href":"https:\/\/hormigaradio.com\/index.php?rest_route=\/wp\/v2\/posts\/18560"}],"collection":[{"href":"https:\/\/hormigaradio.com\/index.php?rest_route=\/wp\/v2\/posts"}],"about":[{"href":"https:\/\/hormigaradio.com\/index.php?rest_route=\/wp\/v2\/types\/post"}],"author":[{"embeddable":true,"href":"https:\/\/hormigaradio.com\/index.php?rest_route=\/wp\/v2\/users\/3"}],"replies":[{"embeddable":true,"href":"https:\/\/hormigaradio.com\/index.php?rest_route=%2Fwp%2Fv2%2Fcomments&post=18560"}],"version-history":[{"count":1,"href":"https:\/\/hormigaradio.com\/index.php?rest_route=\/wp\/v2\/posts\/18560\/revisions"}],"predecessor-version":[{"id":18561,"href":"https:\/\/hormigaradio.com\/index.php?rest_route=\/wp\/v2\/posts\/18560\/revisions\/18561"}],"wp:featuredmedia":[{"embeddable":true,"href":"https:\/\/hormigaradio.com\/index.php?rest_route=\/wp\/v2\/media\/18562"}],"wp:attachment":[{"href":"https:\/\/hormigaradio.com\/index.php?rest_route=%2Fwp%2Fv2%2Fmedia&parent=18560"}],"wp:term":[{"taxonomy":"category","embeddable":true,"href":"https:\/\/hormigaradio.com\/index.php?rest_route=%2Fwp%2Fv2%2Fcategories&post=18560"},{"taxonomy":"post_tag","embeddable":true,"href":"https:\/\/hormigaradio.com\/index.php?rest_route=%2Fwp%2Fv2%2Ftags&post=18560"}],"curies":[{"name":"wp","href":"https:\/\/api.w.org\/{rel}","templated":true}]}}