{"id":18578,"date":"2023-07-31T16:01:29","date_gmt":"2023-07-31T16:01:29","guid":{"rendered":"https:\/\/hormigaradio.com\/?p=18578"},"modified":"2023-07-31T19:01:43","modified_gmt":"2023-07-31T19:01:43","slug":"prm-arde-en-hato-del-yaque-por-posible-acuerdo-con-justicia-social","status":"publish","type":"post","link":"https:\/\/hormigaradio.com\/?p=18578","title":{"rendered":"PRM ARDE EN HATO DEL YAQUE POR POSIBLE ACUERDO CON JUSTICIA SOCIAL"},"content":{"rendered":"<p><img loading=\"lazy\" class=\"size-medium wp-image-18579 alignleft\" src=\"http:\/\/hormigaradio.com\/wp-content\/uploads\/2023\/07\/prm-300x169.jpeg\" alt=\"\" width=\"300\" height=\"169\" srcset=\"https:\/\/hormigaradio.com\/wp-content\/uploads\/2023\/07\/prm-300x169.jpeg 300w, https:\/\/hormigaradio.com\/wp-content\/uploads\/2023\/07\/prm-715x400.jpeg 715w, https:\/\/hormigaradio.com\/wp-content\/uploads\/2023\/07\/prm.jpeg 720w\" sizes=\"(max-width: 300px) 100vw, 300px\" \/>Por: M\u00e1ximo Laureano<\/p>\n<p>La acci\u00f3n de dirigentes del Partido Revolucionario Moderno\u00a0<strong>(PRM)<\/strong>\u00a0de borrar el logo de su partido de las vallas que promueven la candidatura de Ferm\u00edn Noes\u00ed de Justicia Social\u00a0<strong>(JS),<\/strong>\u00a0han puesto el punto de la discordia en Hato del Yaque.<\/p>\n<p>Y es que, en esta jurisdicci\u00f3n, reservada por el partido oficial, se ha generado un rechazo de una parte de la dirigencia local, a que una persona de otra organizaci\u00f3n encabece la boleta.<\/p>\n<p>De hecho, dirigentes del PRM se ha manifestado en un llamado a la Direcci\u00f3n Ejecutiva, para que se permita que los aspirantes a dirigir la Junta Distrital, no sean personas ajenas al partido de Gobierno.<\/p>\n<p>Los dirigentes han reclamado porque entienden que un acuerdo con otros partidos despoja del derecho a la competencia a los de casa.<\/p>\n<p>Los conflictos a lo interno del PRM en el Distrito Municipal de Hato del Yaque, han llegado hasta la expulsi\u00f3n de algunos dirigentes, como es el caso del presidente de ese partido, Santos Reyes, una acci\u00f3n que algunos grupos han calificado como fiera de los reglamentos estatutarios.<\/p>\n<h3>Acuerdo en camino<\/h3>\n<p>Las diferencias en los cuadros del PRM en Hato del Yaque, tiene mucho sustento en un posible acuerdo con el reci\u00e9n aprobado Partido Justicia Social (PJS), que promueve la reelecci\u00f3n de Ferm\u00edn Noes\u00ed, en el cargo.<\/p>\n<div class=\"banner-box\"><\/div>\n<p>De ah\u00ed ha surgido la promoci\u00f3n con vallas en esta demarcaci\u00f3n por parte de sectores que est\u00e1n de acuerdo con la propuesta.<\/p>\n<p>En relaci\u00f3n a la alianza PRM\/JS, Gleen David Felipe Castro, dirigente de la nueva alternativa pol\u00edtica, ha dicho que no hay a\u00fan una firma oficial al respecto, pero afirma que es un hecho que habr\u00e1 acuerdos para las elecciones municipales, congresuales y presidenciales del 2024.<\/p>\n<p>Felipe Castro asegur\u00f3 tras el reconocimiento del PJS, este 24 de julio en la Junta Central Electoral (JCE), la dirigencia est\u00e1 inmersa en la Asamblea Constructiva y otros procesos, sin perder de vista, el trabajo de cara a las urnas.<\/p>\n<p>Sobre las promociones en favor del director distrital, Ferm\u00edn Noes\u00ed, para cuatro a\u00f1os m\u00e1s, Felipe Castro, explica que no se trata de una acci\u00f3n oficial, sino de sectores externos que apoyan a JS y el actual funcionario.<\/p>\n<p>Ferm\u00edn Noes\u00ed, fue electo en 2020, en la boleta del Partido de la Liberaci\u00f3n Dominicana (PLD), pero fue de los primeros dirigentes pol\u00edticos, que empaco maletas y march\u00f3 detr\u00e1s del dos veces senador y tres veces diputada de Santiago, Julio C\u00e9sar Valent\u00edn Jimini\u00e1n, l\u00edder y fundador de JS.<\/p>\n<p>Impactos: 70<\/p>","protected":false},"excerpt":{"rendered":"<p>Por: M\u00e1ximo Laureano La acci\u00f3n de dirigentes del Partido Revolucionario Moderno\u00a0(PRM)\u00a0de borrar el logo de su partido de las vallas que promueven la candidatura<\/p>\n","protected":false},"author":3,"featured_media":18579,"comment_status":"closed","ping_status":"closed","sticky":false,"template":"","format":"standard","meta":[],"categories":[6],"tags":[],"_links":{"self":[{"href":"https:\/\/hormigaradio.com\/index.php?rest_route=\/wp\/v2\/posts\/18578"}],"collection":[{"href":"https:\/\/hormigaradio.com\/index.php?rest_route=\/wp\/v2\/posts"}],"about":[{"href":"https:\/\/hormigaradio.com\/index.php?rest_route=\/wp\/v2\/types\/post"}],"author":[{"embeddable":true,"href":"https:\/\/hormigaradio.com\/index.php?rest_route=\/wp\/v2\/users\/3"}],"replies":[{"embeddable":true,"href":"https:\/\/hormigaradio.com\/index.php?rest_route=%2Fwp%2Fv2%2Fcomments&post=18578"}],"version-history":[{"count":2,"href":"https:\/\/hormigaradio.com\/index.php?rest_route=\/wp\/v2\/posts\/18578\/revisions"}],"predecessor-version":[{"id":18582,"href":"https:\/\/hormigaradio.com\/index.php?rest_route=\/wp\/v2\/posts\/18578\/revisions\/18582"}],"wp:featuredmedia":[{"embeddable":true,"href":"https:\/\/hormigaradio.com\/index.php?rest_route=\/wp\/v2\/media\/18579"}],"wp:attachment":[{"href":"https:\/\/hormigaradio.com\/index.php?rest_route=%2Fwp%2Fv2%2Fmedia&parent=18578"}],"wp:term":[{"taxonomy":"category","embeddable":true,"href":"https:\/\/hormigaradio.com\/index.php?rest_route=%2Fwp%2Fv2%2Fcategories&post=18578"},{"taxonomy":"post_tag","embeddable":true,"href":"https:\/\/hormigaradio.com\/index.php?rest_route=%2Fwp%2Fv2%2Ftags&post=18578"}],"curies":[{"name":"wp","href":"https:\/\/api.w.org\/{rel}","templated":true}]}}