{"id":18599,"date":"2023-08-03T19:37:46","date_gmt":"2023-08-03T19:37:46","guid":{"rendered":"https:\/\/hormigaradio.com\/?p=18599"},"modified":"2023-08-03T19:37:46","modified_gmt":"2023-08-03T19:37:46","slug":"capturan-en-espana-mujer-que-mato-a-ciudadano-chino-en-tienda-donde-laboraba","status":"publish","type":"post","link":"https:\/\/hormigaradio.com\/?p=18599","title":{"rendered":"CAPTURAN EN ESPA\u00d1A MUJER QUE MAT\u00d3 A CIUDADANO CHINO EN TIENDA DONDE LABORABA"},"content":{"rendered":"<p><img loading=\"lazy\" class=\"size-medium wp-image-18600 alignleft\" src=\"http:\/\/hormigaradio.com\/wp-content\/uploads\/2023\/08\/chino-300x161.jpg\" alt=\"\" width=\"300\" height=\"161\" srcset=\"https:\/\/hormigaradio.com\/wp-content\/uploads\/2023\/08\/chino-300x161.jpg 300w, https:\/\/hormigaradio.com\/wp-content\/uploads\/2023\/08\/chino.jpg 306w\" sizes=\"(max-width: 300px) 100vw, 300px\" \/><a title=\"Servicios de Acento.com.do\" href=\"https:\/\/acento.com.do\/autor\/servicios.html\">Servicios de Acento.com.do<\/a><\/p>\n<p>La\u00a0<strong>Polic\u00eda Nacional<\/strong>\u00a0Dominicana, en coordinaci\u00f3n con su similar de\u00a0<strong>Espa\u00f1a,<\/strong>\u00a0la Procuradur\u00eda General de la Rep\u00fablica y el apoyo del agregado policial dominicano en\u00a0<strong>Colombia,<\/strong>\u00a0lograron la captura de una mujer que llevaba un a\u00f1o y casi cuatro meses pr\u00f3fuga por el homicidio de un nacional chino en el establecimiento comercial donde \u00e9sta laboraba, ubicado en el sector de\u00a0<strong>Cristo Rey<\/strong>, del\u00a0<strong>Distrito Nacional<\/strong>.<\/p>\n<p>Se trata de\u00a0<strong>Francelys Mar\u00eda Furcal Rodr\u00edguez,<\/strong>\u00a0quien se encontraba fugitiva de la justicia dominicana luego de quitarle la vida al nacional chino Chen Zongxin, en la citada fecha, seg\u00fan una nota de prensa remitida a los medios.<\/p>\n<p>La detenci\u00f3n se produjo tras la articulaci\u00f3n de una Comisi\u00f3n Rogatoria Internacional con las autoridades dominicanas a Espa\u00f1a y una Notificaci\u00f3n Roja de la\u00a0<strong>OCN-Interpol<\/strong>\u00a0Santo Domingo.<\/p>\n<p>El documento se\u00f1ala que\u00a0<strong>Furcal Rodr\u00edguez,<\/strong>\u00a0tras cometer el hecho, sali\u00f3 del pa\u00eds rumbo a\u00a0<strong>Medell\u00edn, Colombia<\/strong>\u00a0en fecha 22 de junio del 2022, acompa\u00f1ada de otra persona.<\/p>\n<p>Francelys Furcal se escondi\u00f3 durante 41 d\u00edas en la ciudad de Pereira, Colombia y luego en fecha 02-08-2022, usurpando la identidad de una nacional colombiana, sali\u00f3 de ese pa\u00eds rumbo a la ciudad de Sao Paulo, Brasil; posteriormente en fecha 07-08-2022, sali\u00f3 del aeropuerto de S\u00e3o Paulo-Brasil con destino a Doha, Qatar, para finalmente llegar a Barcelona, Espa\u00f1a el d\u00eda 08-08-2022, procedente desde Par\u00eds, Francia, en el vuelo AF1648.<\/p>\n<p>Participaron en la captura, adem\u00e1s, la Direcci\u00f3n General de Migraci\u00f3n,\u00a0<strong>Ameripol<\/strong>\u00a0y la\u00a0<strong>OCN Interpol<\/strong>\u00a0de\u00a0<strong>Madrid<\/strong>\u00a0y Santo Domingo.<\/p>\n<div class=\"banner-box\"><\/div>\n<p>La coordinaci\u00f3n legal internacional de esta diligencia estuvo a cargo de la\u00a0<strong>Procuradur\u00eda General de la Rep\u00fablica Dominicana<\/strong>\u00a0y la Fiscal\u00eda Provincial de\u00a0<strong>Madrid, Espa\u00f1a.<\/strong><\/p>\n<p>Los investigadores especiales que trabajaron en este caso, determinaron que el financiamiento de esta larga traves\u00eda fue realizado por un concubino de la detenida y familiares, todos debidamente identificados y que ser\u00e1n dados a conocer en su momento.<\/p>\n<p>La justicia dominicana buscaba a\u00a0<strong>Francelys Furcal Rodr\u00edguez<\/strong>\u00a0amparados en la orden judicial de arresto con el No.0010-2022, suscrita por juez titular del Octavo Juzgado de la Instrucci\u00f3n del Distrito Nacional, por violaci\u00f3n a las disposiciones del articulo 295 (Homicidio) y 304 del C\u00f3digo Penal Dominicano y los art\u00edculos 83 y 86, de la Ley 631-16, para el Control y Regulaci\u00f3n de Armas, Municiones y Materiales Relacionados.<\/p>\n<p>Impactos: 68<\/p>","protected":false},"excerpt":{"rendered":"<p>Servicios de Acento.com.do La\u00a0Polic\u00eda Nacional\u00a0Dominicana, en coordinaci\u00f3n con su similar de\u00a0Espa\u00f1a,\u00a0la Procuradur\u00eda General de la Rep\u00fablica y el apoyo del agregado policial dominicano en\u00a0Colombia,\u00a0lograron<\/p>\n","protected":false},"author":3,"featured_media":18600,"comment_status":"closed","ping_status":"closed","sticky":false,"template":"","format":"standard","meta":[],"categories":[3],"tags":[],"_links":{"self":[{"href":"https:\/\/hormigaradio.com\/index.php?rest_route=\/wp\/v2\/posts\/18599"}],"collection":[{"href":"https:\/\/hormigaradio.com\/index.php?rest_route=\/wp\/v2\/posts"}],"about":[{"href":"https:\/\/hormigaradio.com\/index.php?rest_route=\/wp\/v2\/types\/post"}],"author":[{"embeddable":true,"href":"https:\/\/hormigaradio.com\/index.php?rest_route=\/wp\/v2\/users\/3"}],"replies":[{"embeddable":true,"href":"https:\/\/hormigaradio.com\/index.php?rest_route=%2Fwp%2Fv2%2Fcomments&post=18599"}],"version-history":[{"count":1,"href":"https:\/\/hormigaradio.com\/index.php?rest_route=\/wp\/v2\/posts\/18599\/revisions"}],"predecessor-version":[{"id":18601,"href":"https:\/\/hormigaradio.com\/index.php?rest_route=\/wp\/v2\/posts\/18599\/revisions\/18601"}],"wp:featuredmedia":[{"embeddable":true,"href":"https:\/\/hormigaradio.com\/index.php?rest_route=\/wp\/v2\/media\/18600"}],"wp:attachment":[{"href":"https:\/\/hormigaradio.com\/index.php?rest_route=%2Fwp%2Fv2%2Fmedia&parent=18599"}],"wp:term":[{"taxonomy":"category","embeddable":true,"href":"https:\/\/hormigaradio.com\/index.php?rest_route=%2Fwp%2Fv2%2Fcategories&post=18599"},{"taxonomy":"post_tag","embeddable":true,"href":"https:\/\/hormigaradio.com\/index.php?rest_route=%2Fwp%2Fv2%2Ftags&post=18599"}],"curies":[{"name":"wp","href":"https:\/\/api.w.org\/{rel}","templated":true}]}}