{"id":18618,"date":"2023-08-06T23:10:59","date_gmt":"2023-08-06T23:10:59","guid":{"rendered":"https:\/\/hormigaradio.com\/?p=18618"},"modified":"2023-08-06T23:10:59","modified_gmt":"2023-08-06T23:10:59","slug":"camara-comercio-la-vega-inaugura-expo-vega-real-2023-dedicada-a-aduanas","status":"publish","type":"post","link":"https:\/\/hormigaradio.com\/?p=18618","title":{"rendered":"C\u00c1MARA COMERCIO LA VEGA INAUGURA EXPO VEGA REAL 2023 DEDICADA A ADUANAS"},"content":{"rendered":"<p><img loading=\"lazy\" class=\"alignnone wp-image-15152\" src=\"http:\/\/hormigaradio.com\/wp-content\/uploads\/2022\/01\/FIRMA-para-Hormiga-Radio-300x158.jpeg\" alt=\"\" width=\"80\" height=\"42\" \/><\/p>\n<p>La C\u00e1mara de Comercio y Producci\u00f3n de La Vega dej\u00f3 inaugurada este jueves 3 de agosto la vig\u00e9simo s\u00e9ptima versi\u00f3n de Expo Vega Real 2023, dedicada a la Direcci\u00f3n General de Aduanas (DGA).<\/p>\n<p>Expo Vega Real se realiza en el Country Club y se extender\u00e1 hasta el pr\u00f3ximo domingo 6, con la participaci\u00f3n de m\u00e1s de 250 empresas nacionales, privadas y gubernamentales.<\/p>\n<p>Las palabras de bienvenida estuvieron a cargo de Ram\u00f3n de Jes\u00fas Contreras, presidente Expo Vega Real 2023 quien detall\u00f3 la oferta program\u00e1tica del evento, concebido para toda la familia.<\/p>\n<p>Odil Morilla, presidenta de la C\u00e1mara de Comercio y Producci\u00f3n de La Vega, pronunci\u00f3 las palabras centrales y resalt\u00f3 el papel de la provincia de La Vega en el aparato productivo y econ\u00f3mico de la Rep\u00fablica Dominicana.<\/p>\n<p>En su discurso Morilla dijo que se hace necesario un esfuerzo conjunto para aumentar los niveles de formalizaci\u00f3n de las nuevas empresas, tratando de lograr un proceso de reducci\u00f3n de costos, accesibilidad y facilidad, para sacar de la informalidad al m\u00e1s del 40% de las empresas dominicanas y consider\u00f3 oportuno, enfocar una nueva \u00f3ptica, para la clasificaci\u00f3n de las empresas, no s\u00f3lo tomando en cuenta las ventas, ni el n\u00famero de colaboradores, sino por el pleno cumplimiento a las normas de l\u00edcito comercio, cumplimiento tributario, seguridad social, cumplimiento laboral y cuidado al medio ambiente, a su juicio el sistema de clasificaci\u00f3n actual, no es justo y requiere de una profunda revisi\u00f3n.<\/p>\n<p>\u201cHa llegado el momento de hacer cambios importantes y de que entendamos que la vida empresarial debe soportarse en una visi\u00f3n humanista, m\u00e1s all\u00e1 de la rentabilidad, del crecimiento y de la competencia, los empresarios tenemos que constituirnos en verdaderos modelos de transformaci\u00f3n social, integridad, educaci\u00f3n y compromiso para cambiar nuestras comunidades y qu\u00e9, desde el ejercicio de la vida empresarial, se irradie una cultura de cambio, que impacte la pol\u00edtica y al Estado, esas son tareas que no esperan\u201d expres\u00f3.<\/p>\n<p>Luego Eduardo Sanz Lovat\u00f3n, director de DGA pronunci\u00f3 su discurso central.<\/p>\n<p>Con el lema \u201cConectando Empresas, Facilitando el Comercio\u201d, Expo Vega Real 2023 es la segunda feria presencial luego de la pandemia por el Covid 19 y adicional, contar\u00e1 con gran actividad en la plataforma digital, accediendo a la p\u00e1gina web www.expovega.com, para conocer los comercios participantes, sus productos, servicios y ofertas, desde cualquier lugar.<\/p>\n<p>Durante el acto inaugural la C\u00e1mara de Comercio y Producci\u00f3n. realiz\u00f3 varios reconocimientos a diversas personalidades y firmas por los aportes a la provincia y el pa\u00eds. Entre estos figuran a don Pedro Alorda Thomas, por su amplia trayectoria empresarial, as\u00ed como un homenaje p\u00f3stumo a Jos\u00e9 Alejandro Salcedo L\u00f3pez (Bullun), por su contribuci\u00f3n al crecimiento y desarrollo del sector salud, a don V\u00edctor Despradel y Do\u00f1a Estervina Abreu (Nena), por sus aportes en el desarrollo tur\u00edstico y hotelero, adem\u00e1s a Claudio Fern\u00e1ndez Mart\u00ed por su contribuci\u00f3n en el desarrollo del sistema cameral dominicano y a la firma COAVE por su trayectoria de 25 a\u00f1os en el sector av\u00edcola y la producci\u00f3n de alimentos en beneficio y desarrollo del pa\u00eds.<\/p>\n<p>Como cada a\u00f1o Expo Vega Real contar\u00e1 con espacios de exposici\u00f3n, promoci\u00f3n y ventas de productos y servicios, \u00e1reas de esparcimiento para la familia, as\u00ed como cientos de ofertas disponibles en el recinto ferial y desde los comercios participantes, aportando a la din\u00e1mica comercial de la provincia, creando alianzas entre s\u00ed, para potenciar el alcance y su competitividad. Dentro de los diferentes sectores empresariales que participan figuran, agr\u00edcola, construcci\u00f3n, industrial, empresas de servicios, automotriz, salud, entretenimiento, gastron\u00f3mico, importaci\u00f3n y exportaci\u00f3n, entre otros.<\/p>\n<p>La bendici\u00f3n estuvo a cargo de Monse\u00f1or H\u00e9ctor Rafael Rodr\u00edguez, obispo de la Di\u00f3cesis de La Vega.<\/p>\n<p>El corte de la cinta estuvo encabezado por Odil Morilla, presidenta C\u00e1mara de Comercio y Producci\u00f3n de La Vega, Eduardo Sanz Lovat\u00f3n, director general de Aduanas, Ram\u00f3n de Jes\u00fas Contreras, presidente Expo Vega Real 2023, Luisa Jim\u00e9nez De De La Mota, Gobernadora, Kelvin Cruz, alcalde del Municipio de La Vega, Ram\u00f3n Rogelio Genao, Senador de La Vega, el obispo H\u00e9ctor Rafael Rodr\u00edguez y Richard Almonte, segundo vicepresidente de la C\u00e1mara de Comercio.<\/p>\n<p>Impactos: 55<\/p>","protected":false},"excerpt":{"rendered":"<p>La C\u00e1mara de Comercio y Producci\u00f3n de La Vega dej\u00f3 inaugurada este jueves 3 de agosto la vig\u00e9simo s\u00e9ptima versi\u00f3n de Expo Vega Real<\/p>\n","protected":false},"author":3,"featured_media":18619,"comment_status":"closed","ping_status":"closed","sticky":false,"template":"","format":"standard","meta":[],"categories":[3],"tags":[],"_links":{"self":[{"href":"https:\/\/hormigaradio.com\/index.php?rest_route=\/wp\/v2\/posts\/18618"}],"collection":[{"href":"https:\/\/hormigaradio.com\/index.php?rest_route=\/wp\/v2\/posts"}],"about":[{"href":"https:\/\/hormigaradio.com\/index.php?rest_route=\/wp\/v2\/types\/post"}],"author":[{"embeddable":true,"href":"https:\/\/hormigaradio.com\/index.php?rest_route=\/wp\/v2\/users\/3"}],"replies":[{"embeddable":true,"href":"https:\/\/hormigaradio.com\/index.php?rest_route=%2Fwp%2Fv2%2Fcomments&post=18618"}],"version-history":[{"count":1,"href":"https:\/\/hormigaradio.com\/index.php?rest_route=\/wp\/v2\/posts\/18618\/revisions"}],"predecessor-version":[{"id":18620,"href":"https:\/\/hormigaradio.com\/index.php?rest_route=\/wp\/v2\/posts\/18618\/revisions\/18620"}],"wp:featuredmedia":[{"embeddable":true,"href":"https:\/\/hormigaradio.com\/index.php?rest_route=\/wp\/v2\/media\/18619"}],"wp:attachment":[{"href":"https:\/\/hormigaradio.com\/index.php?rest_route=%2Fwp%2Fv2%2Fmedia&parent=18618"}],"wp:term":[{"taxonomy":"category","embeddable":true,"href":"https:\/\/hormigaradio.com\/index.php?rest_route=%2Fwp%2Fv2%2Fcategories&post=18618"},{"taxonomy":"post_tag","embeddable":true,"href":"https:\/\/hormigaradio.com\/index.php?rest_route=%2Fwp%2Fv2%2Ftags&post=18618"}],"curies":[{"name":"wp","href":"https:\/\/api.w.org\/{rel}","templated":true}]}}