{"id":18624,"date":"2023-08-06T23:23:27","date_gmt":"2023-08-06T23:23:27","guid":{"rendered":"https:\/\/hormigaradio.com\/?p=18624"},"modified":"2023-08-07T00:08:00","modified_gmt":"2023-08-07T00:08:00","slug":"director-distrital-guatapanal-brinca-el-pld-a-justicia-social","status":"publish","type":"post","link":"https:\/\/hormigaradio.com\/?p=18624","title":{"rendered":"DIRECTOR DISTRITAL  GUATAPANAL,  BRINCA DEL PLD A JUSTICIA SOCIAL"},"content":{"rendered":"<p><img loading=\"lazy\" class=\"alignnone wp-image-15152\" src=\"http:\/\/hormigaradio.com\/wp-content\/uploads\/2022\/01\/FIRMA-para-Hormiga-Radio-300x158.jpeg\" alt=\"\" width=\"80\" height=\"42\" \/><\/p>\n<p>El Partido Justicia Social (JS) contin\u00faa fortaleciendo sus filas con la reciente incorporaci\u00f3n del director distrital de Guatapanal, Herminio Ch\u00e1vez.<\/p>\n<p>En un emotivo acto de juramentaci\u00f3n, cientos de dirigentes se congregaron para dar la bienvenida al nuevo miembro, en un evento presidido por los l\u00edderes del partido, Julio C\u00e9sar Valent\u00edn y Anyolino Germosen, presidente y secretario general de Justicia Social (JS), respectivamente.<\/p>\n<figure id=\"attachment_18625\" aria-describedby=\"caption-attachment-18625\" style=\"width: 715px\" class=\"wp-caption aligncenter\"><img loading=\"lazy\" class=\"wp-image-18625 size-large\" src=\"http:\/\/hormigaradio.com\/wp-content\/uploads\/2023\/08\/WhatsApp-Image-2023-08-06-at-7.17.00-PM-1024x768.jpeg\" alt=\"\" width=\"715\" height=\"536\" srcset=\"https:\/\/hormigaradio.com\/wp-content\/uploads\/2023\/08\/WhatsApp-Image-2023-08-06-at-7.17.00-PM-1024x768.jpeg 1024w, https:\/\/hormigaradio.com\/wp-content\/uploads\/2023\/08\/WhatsApp-Image-2023-08-06-at-7.17.00-PM-300x225.jpeg 300w, https:\/\/hormigaradio.com\/wp-content\/uploads\/2023\/08\/WhatsApp-Image-2023-08-06-at-7.17.00-PM-768x576.jpeg 768w, https:\/\/hormigaradio.com\/wp-content\/uploads\/2023\/08\/WhatsApp-Image-2023-08-06-at-7.17.00-PM-1536x1152.jpeg 1536w, https:\/\/hormigaradio.com\/wp-content\/uploads\/2023\/08\/WhatsApp-Image-2023-08-06-at-7.17.00-PM.jpeg 1600w\" sizes=\"(max-width: 715px) 100vw, 715px\" \/><figcaption id=\"caption-attachment-18625\" class=\"wp-caption-text\"><em><strong>Julio C\u00e9sar Valent\u00edn, presidente PJS, juramenta nuevos integrantes.<\/strong><\/em><\/figcaption><\/figure>\n<p>Con un discurso lleno de entusiasmo, Herminio Ch\u00e1vez expres\u00f3 su compromiso con el Partido Justicia Social (JS): &#8220;Hoy, lleno de mucha emoci\u00f3n, pasamos a formar parte de Justicia Social, acompa\u00f1ado de la crema innata del Partido viejo, dispuesto a trabajar por amor a nuestra patria y por amor a Guatapanal&#8221;.<\/p>\n<p>El l\u00edder distrital, quien renunci\u00f3 hace varias semanas al Partido de la Liberaci\u00f3n Dominicana (PLD), destac\u00f3 su adhesi\u00f3n a Justicia Social (JS) debido a su confianza en su l\u00edder, al que describi\u00f3 como &#8220;un hombre luchador incansable de los derechos del pueblo, que cree en la juventud y ha sido uno de los arquitectos del progreso en la Rep\u00fablica Dominicana&#8221;.<\/p>\n<p>Por su parte, Julio C\u00e9sar Valent\u00edn, presidente de Justicia Social (JS), enfatiz\u00f3 la importancia de un liderazgo respetuoso y comprometido con las comunidades y los m\u00e1s humildes del pa\u00eds.<\/p>\n<p>&#8220;Ning\u00fan l\u00edder se destaca si no es capaz de conferir un trato digno y respetuoso a quienes le acompa\u00f1an en sus jornadas de luchas&#8221;, afirm\u00f3 Valent\u00edn.<\/p>\n<p>El acto de juramentaci\u00f3n cont\u00f3 con la presencia destacada de los alcaldes Ferm\u00edn Noes\u00ed, Lisandro De La Cruz y Miguel Junior Toribio, quienes expresaron su respaldo a la nueva incorporaci\u00f3n al partido. Adem\u00e1s, estuvieron presentes dirigentes nacionales de Justicia Social (JS) como C\u00e9sar Moya, Fernando Bonilla, Glenn Davis Felipe, Basilio Rodr\u00edguez, Rubio Charlie y V\u00edctor D\u00edaz, entre otros.<\/p>\n<p>Con la suma de Herminio Ch\u00e1vez y el respaldo de tantos dirigentes y l\u00edderes locales, Justicia Social (JS) sigue consolid\u00e1ndose como una opci\u00f3n pol\u00edtica en la Rep\u00fablica Dominicana, comprometida con el progreso, la justicia social y el bienestar de la comunidad.<\/p>\n<p>Impactos: 35<\/p>","protected":false},"excerpt":{"rendered":"<p>El Partido Justicia Social (JS) contin\u00faa fortaleciendo sus filas con la reciente incorporaci\u00f3n del director distrital de Guatapanal, Herminio Ch\u00e1vez. En un emotivo acto<\/p>\n","protected":false},"author":3,"featured_media":18626,"comment_status":"closed","ping_status":"closed","sticky":false,"template":"","format":"standard","meta":[],"categories":[6],"tags":[],"_links":{"self":[{"href":"https:\/\/hormigaradio.com\/index.php?rest_route=\/wp\/v2\/posts\/18624"}],"collection":[{"href":"https:\/\/hormigaradio.com\/index.php?rest_route=\/wp\/v2\/posts"}],"about":[{"href":"https:\/\/hormigaradio.com\/index.php?rest_route=\/wp\/v2\/types\/post"}],"author":[{"embeddable":true,"href":"https:\/\/hormigaradio.com\/index.php?rest_route=\/wp\/v2\/users\/3"}],"replies":[{"embeddable":true,"href":"https:\/\/hormigaradio.com\/index.php?rest_route=%2Fwp%2Fv2%2Fcomments&post=18624"}],"version-history":[{"count":2,"href":"https:\/\/hormigaradio.com\/index.php?rest_route=\/wp\/v2\/posts\/18624\/revisions"}],"predecessor-version":[{"id":18634,"href":"https:\/\/hormigaradio.com\/index.php?rest_route=\/wp\/v2\/posts\/18624\/revisions\/18634"}],"wp:featuredmedia":[{"embeddable":true,"href":"https:\/\/hormigaradio.com\/index.php?rest_route=\/wp\/v2\/media\/18626"}],"wp:attachment":[{"href":"https:\/\/hormigaradio.com\/index.php?rest_route=%2Fwp%2Fv2%2Fmedia&parent=18624"}],"wp:term":[{"taxonomy":"category","embeddable":true,"href":"https:\/\/hormigaradio.com\/index.php?rest_route=%2Fwp%2Fv2%2Fcategories&post=18624"},{"taxonomy":"post_tag","embeddable":true,"href":"https:\/\/hormigaradio.com\/index.php?rest_route=%2Fwp%2Fv2%2Ftags&post=18624"}],"curies":[{"name":"wp","href":"https:\/\/api.w.org\/{rel}","templated":true}]}}