{"id":18631,"date":"2023-08-06T23:31:32","date_gmt":"2023-08-06T23:31:32","guid":{"rendered":"https:\/\/hormigaradio.com\/?p=18631"},"modified":"2023-08-06T23:32:58","modified_gmt":"2023-08-06T23:32:58","slug":"jeffrey-infante-precandidato-a-alcalde-por-el-pld-renuncia-al-partido","status":"publish","type":"post","link":"https:\/\/hormigaradio.com\/?p=18631","title":{"rendered":"JEFFREY INFANTE, PRECANDIDATO A ALCALDE POR EL PLD, RENUNCIA AL PARTIDO"},"content":{"rendered":"<p>Por\u00a0<span class=\"name font-700\"><a title=\"M\u00e1ximo Laureano\" href=\"https:\/\/acento.com.do\/autor\/mlaureano.html\">M\u00e1ximo Laureano<\/a><\/span><\/p>\n<p><strong>Jeffry Infante<\/strong>, quien fuera encargado del Ministerio de\u00a0<strong>Obras P\u00fablicas<\/strong>\u00a0en la regi\u00f3n norte, durante el gobierno de\u00a0<strong>Danilo Medina<\/strong>\u00a0y que actualmente aspira a ser alcalde de Santiago, renunci\u00f3 este s\u00e1bado al Partido de la Liberaci\u00f3n Dominicana\u00a0<strong>(PLD),<\/strong>\u00a0seg\u00fan explic\u00f3, por diferencias con esa organizaci\u00f3n.<\/p>\n<p>Para dar a conocer su decisi\u00f3n,\u00a0<strong>Infante<\/strong>\u00a0difundi\u00f3 su carta de renuncia en las redes sociales, adem\u00e1s de un trabajo audiovisual en el cual explica sus motivaciones para salir del partido morado.<\/p>\n<p>&nbsp;<\/p>\n<div class=\"amp-hidden\"><\/div>\n<p><iframe class=\"i-amphtml-fill-content\" src=\"https:\/\/player.vimeo.com\/video\/852002111?title=0&amp;amp;byline=0#amp=1\" name=\"amp_iframe0\" frameborder=\"0\" sandbox=\"allow-scripts allow-same-origin\" data-mce-fragment=\"1\"><\/iframe><\/p>\n<p>&nbsp;<\/p>\n<p>El hasta hoy miembro del\u00a0<strong>PLD<\/strong>\u00a0afirm\u00f3 que sus propuestas e ideas ya no est\u00e1n alineadas al partido, y que por eso tom\u00f3 la decisi\u00f3n de abandonar el barco morado.<\/p>\n<p>\u201cMe gusta trabajar con equipos decentes, respetuosos y sin prepotencia, ni imposiciones y esas caracter\u00edsticas fundamentales, se han visto afectadas en el seno del partido en los \u00faltimos tiempos\u201d, se lee en la carta difundida por\u00a0<strong>Infante.<\/strong><\/p>\n<div class=\"banner-box\"><\/div>\n<p>En el video, el dirigente pol\u00edtico explica que se ha preparado para ser el alcalde de\u00a0<strong>Santiago<\/strong>\u00a0y que seguir\u00e1 trabajando para lograr ese objetivo. No obstante,\u00a0<strong>Infante<\/strong>\u00a0no dio a conocer si ir\u00eda a otra organizaci\u00f3n, aunque en pocas horas ya se ha especulado que podr\u00eda anclarse en el partido\u00a0<strong>Fuerza del Pueblo<\/strong>\u00a0(FP).<\/p>\n<p>La renuncia de\u00a0<strong>Jeffrey Infante<\/strong>\u00a0se da luego que un grupo de dirigentes del\u00a0<strong>PLD,<\/strong>\u00a0que habl\u00f3 en nombre del pleno del partido, llamara a que se declare de manera oficial como candidato alcalde al diputado\u00a0<strong>V\u00edctor Fadul<\/strong>.<\/p>\n<p>Es el segundo precandidato del\u00a0<strong>PLD<\/strong>\u00a0que se va y que alega imposici\u00f3n de los organismos internos del partido de oposici\u00f3n. Antes lo hizo\u00a0<strong>Silvio Dur\u00e1n<\/strong>, quien se fue a\u00a0<strong>Fuerza del Pueblo<\/strong>, criticando en su momento \u2013 al igual que\u00a0<strong>Infante<\/strong>\u00a0\u2013 la intenci\u00f3n de imponer al diputado\u00a0<strong>Fadul<\/strong>\u00a0en la boleta local.<\/p>\n<p>&nbsp;<\/p>\n<div class=\"amp-hidden\"><\/div>\n<p><iframe class=\"i-amphtml-fill-content\" src=\"https:\/\/drive.google.com\/file\/d\/10g5S_lcyS6WgGrPj57-Sq21xZJOI0ldm\/preview#amp=1\" name=\"amp_iframe1\" frameborder=\"0\" sandbox=\"allow-scripts allow-same-origin\" data-mce-fragment=\"1\"><\/iframe><\/p>\n<p>Impactos: 58<\/p>","protected":false},"excerpt":{"rendered":"<p>Por\u00a0M\u00e1ximo Laureano Jeffry Infante, quien fuera encargado del Ministerio de\u00a0Obras P\u00fablicas\u00a0en la regi\u00f3n norte, durante el gobierno de\u00a0Danilo Medina\u00a0y que actualmente aspira a ser<\/p>\n","protected":false},"author":3,"featured_media":18633,"comment_status":"closed","ping_status":"closed","sticky":false,"template":"","format":"standard","meta":[],"categories":[6],"tags":[],"_links":{"self":[{"href":"https:\/\/hormigaradio.com\/index.php?rest_route=\/wp\/v2\/posts\/18631"}],"collection":[{"href":"https:\/\/hormigaradio.com\/index.php?rest_route=\/wp\/v2\/posts"}],"about":[{"href":"https:\/\/hormigaradio.com\/index.php?rest_route=\/wp\/v2\/types\/post"}],"author":[{"embeddable":true,"href":"https:\/\/hormigaradio.com\/index.php?rest_route=\/wp\/v2\/users\/3"}],"replies":[{"embeddable":true,"href":"https:\/\/hormigaradio.com\/index.php?rest_route=%2Fwp%2Fv2%2Fcomments&post=18631"}],"version-history":[{"count":1,"href":"https:\/\/hormigaradio.com\/index.php?rest_route=\/wp\/v2\/posts\/18631\/revisions"}],"predecessor-version":[{"id":18632,"href":"https:\/\/hormigaradio.com\/index.php?rest_route=\/wp\/v2\/posts\/18631\/revisions\/18632"}],"wp:featuredmedia":[{"embeddable":true,"href":"https:\/\/hormigaradio.com\/index.php?rest_route=\/wp\/v2\/media\/18633"}],"wp:attachment":[{"href":"https:\/\/hormigaradio.com\/index.php?rest_route=%2Fwp%2Fv2%2Fmedia&parent=18631"}],"wp:term":[{"taxonomy":"category","embeddable":true,"href":"https:\/\/hormigaradio.com\/index.php?rest_route=%2Fwp%2Fv2%2Fcategories&post=18631"},{"taxonomy":"post_tag","embeddable":true,"href":"https:\/\/hormigaradio.com\/index.php?rest_route=%2Fwp%2Fv2%2Ftags&post=18631"}],"curies":[{"name":"wp","href":"https:\/\/api.w.org\/{rel}","templated":true}]}}