{"id":18637,"date":"2023-08-07T13:19:21","date_gmt":"2023-08-07T13:19:21","guid":{"rendered":"https:\/\/hormigaradio.com\/?p=18637"},"modified":"2023-08-07T13:19:21","modified_gmt":"2023-08-07T13:19:21","slug":"bruli-rapto-ultimo-y-oculto-el-cadaver-de-la-menor-willeni-lorenzo-segun-pn","status":"publish","type":"post","link":"https:\/\/hormigaradio.com\/?p=18637","title":{"rendered":"BRULI RAPT\u00d3, ULTIM\u00d3 Y OCULT\u00d3 EL CAD\u00c1VER DE LA MENOR WILLENI LORENZO, SEG\u00daN PN"},"content":{"rendered":"<p><img loading=\"lazy\" class=\"size-full wp-image-18638 alignleft\" src=\"http:\/\/hormigaradio.com\/wp-content\/uploads\/2023\/08\/nina.jpg\" alt=\"\" width=\"298\" height=\"169\" \/> https:\/\/acento.com.do\/<\/p>\n<p>La\u00a0<strong>Polic\u00eda Nacional<\/strong>\u00a0dio a conocer este domingo el proceso investigativo que les llev\u00f3 a localizar el cuerpo de la ni\u00f1a\u00a0<strong><a href=\"https:\/\/acento.com.do\/tags\/?tag=willeni-lorenzo-herrera\">Willeni Dorivel Lorenzo<\/a>\u00a0Herrera,<\/strong>\u00a0de 11 a\u00f1os, y a se\u00f1alar a\u00a0<strong>Jos\u00e9 S\u00e1nchez Nivar<\/strong>\u00a0(Bruli), de 37 a\u00f1os, de la muerte y desaparici\u00f3n de la menor.<\/p>\n<p>Las entidad, mediante un comunicado, detall\u00f3 que el hecho se perpetr\u00f3 en la residencia del imputado, en la comunidad La Pi\u00f1a, Madre Vieja Norte, San Crist\u00f3bal. Asimismo, sostienen que luego traslad\u00f3 el cuerpo dentro de un saco hasta la autopista 6 de Noviembre, utilizando una motocicleta de su propiedad.<\/p>\n<p>Destac\u00f3 que la desaparici\u00f3n de\u00a0<strong>Willeni Dorivel<\/strong>\u00a0fue reportada la ma\u00f1ana del pasado jueves 20 de julio por familiares y &#8220;de inmediato los oficiales policiales y Ministerio P\u00fablico iniciaron las pesquisas, logrando detener\u00a0<strong>S\u00e1nchez Nivar<\/strong>, quien en todo momento neg\u00f3 haber tenido alguna implicaci\u00f3n en los hechos&#8221;.<\/p>\n<p><img loading=\"lazy\" class=\" wp-image-18639 alignleft\" src=\"http:\/\/hormigaradio.com\/wp-content\/uploads\/2023\/08\/croqui-300x149.jpg\" alt=\"\" width=\"430\" height=\"214\" srcset=\"https:\/\/hormigaradio.com\/wp-content\/uploads\/2023\/08\/croqui-300x149.jpg 300w, https:\/\/hormigaradio.com\/wp-content\/uploads\/2023\/08\/croqui.jpg 319w\" sizes=\"(max-width: 430px) 100vw, 430px\" \/>Asimismo, el documento establece que agentes de la\u00a0<strong>Polic\u00eda,<\/strong>\u00a0en coordinaci\u00f3n del\u00a0<strong>Ministerio P\u00fablico<\/strong>, &#8220;realizaron m\u00faltiples entrevistas a diferentes ciudadanos, quienes aseguraron haber visto la menor en compa\u00f1\u00eda del ahora detenido&#8221;.<\/p>\n<p>Afirma que, de manera simult\u00e1nea, los investigadores recopilaron otras evidencias, tales como im\u00e1genes de videos en las cuales se observa al sospechoso pr\u00f3ximo a la menor y a la residencia donde vive.<\/p>\n<p>Asimismo, se\u00a0realizaron dos allanamientos a la residencia del detenido, donde mediante pruebas (luminol) llevadas a cabo por peritos de la Polic\u00eda Cient\u00edfica se pudo establecer el hallazgo de sangre en la cama, la puerta, el ba\u00f1o y otras \u00e1reas.<\/p>\n<p>Posteriormente, detall\u00f3 la\u00a0<strong>Polic\u00eda,<\/strong>\u00a0se ampli\u00f3 el radio b\u00fasqueda y levantamiento de c\u00e1maras de video vigilancia, en especial las del Sistema Nacional de Emergencia 911 ubicadas en la autopista 6 de Noviembre.<\/p>\n<p>Como resultado de estas acciones, fue encontrado en unos matorrales en las proximidades de la entrada de Cambita, San Crist\u00f3bal, un cuerpo en estado de descomposici\u00f3n, con caracter\u00edsticas similares a la desaparecida menor.<\/p>\n<p>El documento indica que las autoridades del Instituto Nacional de Ciencias Forenses\u00a0<strong>(Inacif)<\/strong>\u00a0fueron apoderadas del caso para los fines de autopsia y establecer de manera cient\u00edfica la identidad del cad\u00e1ver encontrado en la citada direcci\u00f3n, siendo identificado el cad\u00e1ver de la ni\u00f1a por familiares, a\u00a0trav\u00e9s de caracter\u00edsticas f\u00edsicas, peinado, atuendos el pelo, una pulsa y otras prendas, identificaron el cad\u00e1ver como el de su pariente, a la cual dieron cristiana sepultura la tarde de ayer s\u00e1bado.<\/p>\n<p>Impactos: 53<\/p>","protected":false},"excerpt":{"rendered":"<p>https:\/\/acento.com.do\/ La\u00a0Polic\u00eda Nacional\u00a0dio a conocer este domingo el proceso investigativo que les llev\u00f3 a localizar el cuerpo de la ni\u00f1a\u00a0Willeni Dorivel Lorenzo\u00a0Herrera,\u00a0de 11 a\u00f1os,<\/p>\n","protected":false},"author":3,"featured_media":18638,"comment_status":"closed","ping_status":"closed","sticky":false,"template":"","format":"standard","meta":[],"categories":[3],"tags":[],"_links":{"self":[{"href":"https:\/\/hormigaradio.com\/index.php?rest_route=\/wp\/v2\/posts\/18637"}],"collection":[{"href":"https:\/\/hormigaradio.com\/index.php?rest_route=\/wp\/v2\/posts"}],"about":[{"href":"https:\/\/hormigaradio.com\/index.php?rest_route=\/wp\/v2\/types\/post"}],"author":[{"embeddable":true,"href":"https:\/\/hormigaradio.com\/index.php?rest_route=\/wp\/v2\/users\/3"}],"replies":[{"embeddable":true,"href":"https:\/\/hormigaradio.com\/index.php?rest_route=%2Fwp%2Fv2%2Fcomments&post=18637"}],"version-history":[{"count":1,"href":"https:\/\/hormigaradio.com\/index.php?rest_route=\/wp\/v2\/posts\/18637\/revisions"}],"predecessor-version":[{"id":18640,"href":"https:\/\/hormigaradio.com\/index.php?rest_route=\/wp\/v2\/posts\/18637\/revisions\/18640"}],"wp:featuredmedia":[{"embeddable":true,"href":"https:\/\/hormigaradio.com\/index.php?rest_route=\/wp\/v2\/media\/18638"}],"wp:attachment":[{"href":"https:\/\/hormigaradio.com\/index.php?rest_route=%2Fwp%2Fv2%2Fmedia&parent=18637"}],"wp:term":[{"taxonomy":"category","embeddable":true,"href":"https:\/\/hormigaradio.com\/index.php?rest_route=%2Fwp%2Fv2%2Fcategories&post=18637"},{"taxonomy":"post_tag","embeddable":true,"href":"https:\/\/hormigaradio.com\/index.php?rest_route=%2Fwp%2Fv2%2Ftags&post=18637"}],"curies":[{"name":"wp","href":"https:\/\/api.w.org\/{rel}","templated":true}]}}