{"id":18648,"date":"2023-08-08T12:29:00","date_gmt":"2023-08-08T12:29:00","guid":{"rendered":"https:\/\/hormigaradio.com\/?p=18648"},"modified":"2023-08-08T12:32:08","modified_gmt":"2023-08-08T12:32:08","slug":"activista-social-llaniris-espinal-buscara-diputacion-circunscripcion-2-en-boleta-fuerza-del-pueblo","status":"publish","type":"post","link":"https:\/\/hormigaradio.com\/?p=18648","title":{"rendered":"ACTIVISTA SOCIAL LLANIRIS ESPINAL BUSCAR\u00c1 DIPUTACI\u00d3N  CIRCUNSCRIPCI\u00d3N  2  EN BOLETA FUERZA DEL PUEBLO"},"content":{"rendered":"<p><img loading=\"lazy\" class=\"alignnone wp-image-15152\" src=\"http:\/\/hormigaradio.com\/wp-content\/uploads\/2022\/01\/FIRMA-para-Hormiga-Radio-300x158.jpeg\" alt=\"\" width=\"80\" height=\"42\" \/><\/p>\n<p>Llaniris Espinal, Excandidata a Diputada por Alianza Pa\u00eds por la Circunscripci\u00f3n 02 de Santiago renunci\u00f3 a esta organizaci\u00f3n y pas\u00f3 a juramentarse en la Fuerza del Pueblo.<\/p>\n<p>Ante una gran ovaci\u00f3n y algarab\u00eda de cientos de sus seguidores y despu\u00e9s de agradecer al equipo que hizo posible que tomara tan importante decisi\u00f3n dijo que llega junto a su equipo pol\u00edtico a la Fuerza del Pueblo cargada de ilusiones y con nuevas iniciativas que permitan desde el poder ayudar a transformar la Rep\u00fablica Dominicana.<\/p>\n<p>La Empresaria, L\u00edder Comunitaria, Pol\u00edtica y Ambientalistas de Santiago y de la Sierra al ser juramentada por el presidente de la Fuerza del Pueblo y pr\u00f3ximo presidente de la Rep\u00fablica Dominicana Dr. Leonel Fern\u00e1ndez destac\u00f3 la necesidad de encarar los problemas de pobreza, ambientales, educaci\u00f3n, salud y todos los problemas que afectan la familia dominicana.<\/p>\n<p><img loading=\"lazy\" class=\"aligncenter wp-image-18651 size-large\" src=\"http:\/\/hormigaradio.com\/wp-content\/uploads\/2023\/08\/WhatsApp-Image-2023-08-08-at-8.17.36-AM-1-1024x768.jpeg\" alt=\"\" width=\"715\" height=\"536\" srcset=\"https:\/\/hormigaradio.com\/wp-content\/uploads\/2023\/08\/WhatsApp-Image-2023-08-08-at-8.17.36-AM-1-1024x768.jpeg 1024w, https:\/\/hormigaradio.com\/wp-content\/uploads\/2023\/08\/WhatsApp-Image-2023-08-08-at-8.17.36-AM-1-300x225.jpeg 300w, https:\/\/hormigaradio.com\/wp-content\/uploads\/2023\/08\/WhatsApp-Image-2023-08-08-at-8.17.36-AM-1-768x576.jpeg 768w, https:\/\/hormigaradio.com\/wp-content\/uploads\/2023\/08\/WhatsApp-Image-2023-08-08-at-8.17.36-AM-1-1536x1152.jpeg 1536w, https:\/\/hormigaradio.com\/wp-content\/uploads\/2023\/08\/WhatsApp-Image-2023-08-08-at-8.17.36-AM-1.jpeg 1600w\" sizes=\"(max-width: 715px) 100vw, 715px\" \/><br \/>\nLa comunicadora se comprometi\u00f3 desde hoy a trabajar d\u00eda y noche, las 24 horas y los 7 d\u00edas de la semana para expulsar el mal gobierno, el desorden y la improvisaci\u00f3n del Palacio Nacional, para que llegue la experiencia y continuara la obra inconclusa del Dr. Fern\u00e1ndez que es la obra de los padres fundadores.<\/p>\n<p>En la juramentaci\u00f3n tambi\u00e9n estuvieron presentes: Dem\u00f3stenes Mart\u00ednez precandidato a Senador, Altagracia Gonz\u00e1lez precandidata a alcaldesa, el presidente de la Fuerza del Pueblo en Santiago y miembro de la direcci\u00f3n pol\u00edtica, Prof. Jos\u00e9 Izquierdo; adem\u00e1s, Jos\u00e9 Miguel Soto Jim\u00e9nez de la Direcci\u00f3n Central, Juan Carlos Rodr\u00edguez Precandidato a Diputado por el Exterior, entre otras connotadas personalidades de la entidad pol\u00edtica.<\/p>\n<p>El Problema de Agua y de Salud de Bella vista y Otros Barrios<\/p>\n<p>La l\u00edder pol\u00edtica solicit\u00f3 al presidente Fern\u00e1ndez y seguro senador Dem\u00f3stenes Mart\u00ednez, un compromiso con los barrios de Santiago, \u201cyo necesito un compromiso de ustedes con nuestros Barrios de la Zona Suroeste 2 de Santiago que hoy Sufren la peor crisis de agua en toda su historia por la explosi\u00f3n constante de las tuber\u00edas de agua potable: Bella Vista, Reparto Peralta, La Yag\u00fcita de Pastor, Corona Plaza, El Doral, La Otra Banda, La herradura, Barrio Nuevo, Suelo Duro, la Charla, Villa Liberaci\u00f3n, Motocross, Villa Hortensia, La Estancia, 7 casas, Los llanos de la barranquita, San Rafael, Las Aromas y Pradera, necesitamos urgente el cambio de las tuber\u00edas y sabemos que usted como hizo en otros barrios de Santiago puede resolver de manera definitiva este gran problema\u201d.<\/p>\n<p>As\u00ed mismo destaco la urgencia de recuperar los centros de Bella Vista en a\u00f1os anteriores reconocidos a nivel nacional por la buena de gesti\u00f3n publica y corroborado por los comunitarios hoy abandonado a su suerte al igual el Hospital de SAJOMA, lo cual es una realizad en todo el territorio nacional con el sistema de salud. Al igual que en educaci\u00f3n, necesitamos una ALIANZA SOCIAL Y POLITICA POR LA SALUD Y LA SEGURIDAD SOCIAL, que promueva la salud preventiva y que acabe con el negocio y la desigualdad que impera en el sistema de Salud y seguridad social que garantice que no muera un ni\u00f1o m\u00e1s por falta de atenciones de calidad. Que en el gobierno actual como casi todos los servicios se han deteriorado.<\/p>\n<p>Tambi\u00e9n dijo que los barrios de zona Suroeste de Santiago que son los que m\u00e1s crecen en Santiago necesitan un Bajo Techo o Multiuso para que nuestros j\u00f3venes puedan practicar deporte como lo tienen otros barrios de Santiago e integrarse a las competencias profesionales de baloncesto.<\/p>\n<p>Los Problemas Ambientales.<\/p>\n<p>Dijo que los diputados de la Fuerza del Pueblo tenemos que legislar a favor de mayores oportunidades de trabajo para nuestros j\u00f3venes; Espinal propuso a Fern\u00e1ndez y Mart\u00ednez iniciar los Programas \u201cDi\u00e1logos Joven\u201d para escuchar propuesta de los j\u00f3venes y que ellos sean los arquitectos de sus propios destinos; as\u00ed mismo, \u201cDi\u00e1logos Ambientales\u201d para escuchar a todos los sectores de la sociedad (sociedad Civil, Sector Empresarial y grupos ambientales) y desde el gobierno dar respuesta integral y definitiva a todos estos desaf\u00edos ambientales que comprometen el futuro de la Rep\u00fablica Dominicana.<br \/>\n\u201cEl Mayor y m\u00e1s preocupante de los problemas es LA DESTRUCCI\u00d3N AMBIENTAL Y LA CRISIS DEL AGUA, esta es la parte m\u00e1s sensible para m\u00ed, pues, el deterioro continuo e irresponsable del medio ambiente compromete nuestra existencia como pa\u00eds y como civilizaci\u00f3n y que se escuche bien, \u201cNUNCA EL MEDIO AMBIENTE ESTUVO TAN COMPROMETIDO COMO HOY\u201d hay un asalto a las \u00e1reas protegidas con proyectos sin planificaci\u00f3n que se ejecutan desde el gobierno comprometiendo el futuro de nuestra naci\u00f3n, donde se agrava cada d\u00eda las crisis de agua con la intenciones privatizadora del actual gobierno, la deforestaci\u00f3n en nuestra Sierra provoca la desaparici\u00f3n de los r\u00edos y la Estocada Mortal ser\u00eda el proyecto que los serranos no hemos solicitado, La Presa de Las Placetas y que compromete nuestros r\u00edos Jagua y Bao y la din\u00e1mica ecotur\u00edstica de nuestra Sierra\u201d.<\/p>\n<p>Protecci\u00f3n Familiar y Seguridad Ciudadana.<\/p>\n<p>Otro grave problema que nos conmueve y debe llamar la atenci\u00f3n del pueblo dominicano en sentido general, es la violencia familiar o violencia de g\u00e9nero, necesitamos UNA LEY DE PROTECCI\u00d3N FAMILIAR, que permita en primer lugar, PREVENIR, en segundo ofrecer ACOGIDA a las v\u00edctimas cuando ocurran casos y tercero SEGUIMIENTO, que permita aplicaci\u00f3n de la tecnolog\u00eda y un correcto uso de los medios coercitivo, por tal Motivo, es imperativo la creaci\u00f3n de un Ministerio de familia dotado de recursos y herramientas que promueva soluciones integrales para toda la familia.<\/p>\n<p>Con una pol\u00edtica de protecci\u00f3n familiar lucharemos por una protecci\u00f3n efectiva para la Ni\u00f1ez, las madres Solteras y para los Adultos Mayores (A partir del censo identificar todas las personas mayores de 70 a\u00f1os con dificultad econ\u00f3mica, quiz\u00e1s representen algo m\u00e1s del 5% de la poblaci\u00f3n, y de manera urgente dotarlos de seguridad social o una PENSI\u00d3N SOLIDARIA para sus alimentos y medicamentos).<\/p>\n<p>Tambi\u00e9n propuso al presidente Fern\u00e1ndez, que desde que asumamos el gobierno y el congreso el 16 de agosto del 2024 debemos dar respuesta contundente a la m\u00e1s sagrada de las misiones del Estado y que hoy es la mayor preocupaci\u00f3n del pueblo dominicano, LA SEGURIDAD CIUDADANA, pues por falta de una pol\u00edtica de Estado que garantice paz y tranquilidad a las familias dominicanas, hoy ning\u00fan dominicano se siente seguro. Debemos volver al \u201cBarrio Seguro\u201d.<\/p>\n<p>Agreg\u00f3 que son muchos los problemas, pero son m\u00e1s las propuestas que como partido y como pr\u00f3xima diputada de la circunscripci\u00f3n 2 de la provincia vamos a proponer, y como dir\u00eda nuestro padre fundador, Juan Pablo Duarte, cito \u00a8Nunca me fue tan necesario como hoy tener salud, coraz\u00f3n y juicio; hoy que hombres sin juicio y sin coraz\u00f3n conspiran contra la salud de la patria\u00a8.<\/p>\n<p>Impactos: 78<\/p>","protected":false},"excerpt":{"rendered":"<p>Llaniris Espinal, Excandidata a Diputada por Alianza Pa\u00eds por la Circunscripci\u00f3n 02 de Santiago renunci\u00f3 a esta organizaci\u00f3n y pas\u00f3 a juramentarse en la<\/p>\n","protected":false},"author":3,"featured_media":18650,"comment_status":"closed","ping_status":"closed","sticky":false,"template":"","format":"standard","meta":[],"categories":[6],"tags":[],"_links":{"self":[{"href":"https:\/\/hormigaradio.com\/index.php?rest_route=\/wp\/v2\/posts\/18648"}],"collection":[{"href":"https:\/\/hormigaradio.com\/index.php?rest_route=\/wp\/v2\/posts"}],"about":[{"href":"https:\/\/hormigaradio.com\/index.php?rest_route=\/wp\/v2\/types\/post"}],"author":[{"embeddable":true,"href":"https:\/\/hormigaradio.com\/index.php?rest_route=\/wp\/v2\/users\/3"}],"replies":[{"embeddable":true,"href":"https:\/\/hormigaradio.com\/index.php?rest_route=%2Fwp%2Fv2%2Fcomments&post=18648"}],"version-history":[{"count":2,"href":"https:\/\/hormigaradio.com\/index.php?rest_route=\/wp\/v2\/posts\/18648\/revisions"}],"predecessor-version":[{"id":18652,"href":"https:\/\/hormigaradio.com\/index.php?rest_route=\/wp\/v2\/posts\/18648\/revisions\/18652"}],"wp:featuredmedia":[{"embeddable":true,"href":"https:\/\/hormigaradio.com\/index.php?rest_route=\/wp\/v2\/media\/18650"}],"wp:attachment":[{"href":"https:\/\/hormigaradio.com\/index.php?rest_route=%2Fwp%2Fv2%2Fmedia&parent=18648"}],"wp:term":[{"taxonomy":"category","embeddable":true,"href":"https:\/\/hormigaradio.com\/index.php?rest_route=%2Fwp%2Fv2%2Fcategories&post=18648"},{"taxonomy":"post_tag","embeddable":true,"href":"https:\/\/hormigaradio.com\/index.php?rest_route=%2Fwp%2Fv2%2Ftags&post=18648"}],"curies":[{"name":"wp","href":"https:\/\/api.w.org\/{rel}","templated":true}]}}