{"id":18671,"date":"2023-08-08T20:23:40","date_gmt":"2023-08-08T20:23:40","guid":{"rendered":"https:\/\/hormigaradio.com\/?p=18671"},"modified":"2023-08-08T20:23:40","modified_gmt":"2023-08-08T20:23:40","slug":"vicepresidenta-y-edenorte-inauguran-repotenciacion-subestacion-gallera-en-santiago","status":"publish","type":"post","link":"https:\/\/hormigaradio.com\/?p=18671","title":{"rendered":"VICEPRESIDENTA Y EDENORTE INAUGURAN REPOTENCIACI\u00d3N SUBESTACI\u00d3N GALLERA EN SANTIAGO"},"content":{"rendered":"<p align=\"justify\"><span style=\"font-family: Arial, sans-serif;\"><img loading=\"lazy\" class=\"size-medium wp-image-18672 alignleft\" src=\"http:\/\/hormigaradio.com\/wp-content\/uploads\/2023\/08\/Repotenciada-subestacion-La-Gallera-300x169.jpg\" alt=\"\" width=\"300\" height=\"169\" srcset=\"https:\/\/hormigaradio.com\/wp-content\/uploads\/2023\/08\/Repotenciada-subestacion-La-Gallera-300x169.jpg 300w, https:\/\/hormigaradio.com\/wp-content\/uploads\/2023\/08\/Repotenciada-subestacion-La-Gallera-1024x576.jpg 1024w, https:\/\/hormigaradio.com\/wp-content\/uploads\/2023\/08\/Repotenciada-subestacion-La-Gallera-768x432.jpg 768w, https:\/\/hormigaradio.com\/wp-content\/uploads\/2023\/08\/Repotenciada-subestacion-La-Gallera-1536x864.jpg 1536w, https:\/\/hormigaradio.com\/wp-content\/uploads\/2023\/08\/Repotenciada-subestacion-La-Gallera-715x400.jpg 715w, https:\/\/hormigaradio.com\/wp-content\/uploads\/2023\/08\/Repotenciada-subestacion-La-Gallera.jpg 1600w\" sizes=\"(max-width: 300px) 100vw, 300px\" \/><\/span><\/p>\n<p align=\"justify\">Hormiga Group<\/p>\n<p align=\"justify\"><span style=\"font-family: Arial, sans-serif;\">Santiago.- En un acto encabezado por la vicepresidenta Raquel Pe\u00f1a, <a href=\"https:\/\/edenorte.com.do\/\">Edenorte Dominicana<\/a> entreg\u00f3 la ampliaci\u00f3n y repotenciaci\u00f3n de la subestaci\u00f3n Gallera, en esta ciudad, con una inversi\u00f3n de RD$ 100,513,818.22 millones.<\/span><\/p>\n<p align=\"justify\"><span style=\"font-family: Arial, sans-serif;\">Al hablar ante los presentes, la vicepresidenta reiter\u00f3 el compromiso del gobierno que encabeza junto al presidente Abinader, de llevar bienestar a la poblaci\u00f3n dominicana a trav\u00e9s de un servicio energ\u00e9tico ininterrumpido y de calidad que adem\u00e1s beneficie a las peque\u00f1as y medianas empresas.<\/span><\/p>\n<p align=\"justify\">\u201c<span style=\"font-family: Arial, sans-serif;\">El acceso a energ\u00eda el\u00e9ctrica ininterrumpida es un factor clave en el bienestar social y econ\u00f3mico de la gente, en ese sentido desde el gabinete el\u00e9ctrico nosotros trabajamos para que mas comunidades tengan redes en buenas condiciones para que puedan realizar sus labores domesticas y comerciales sin contratiempos\u201d, adujo Raquel Pe\u00f1a.<\/span><\/p>\n<p align=\"justify\"><span style=\"font-family: Arial, sans-serif;\">En esta subestaci\u00f3n fue instalado el transformador de potencia 40-50MVA, 138\/12.8kV, seg\u00fan lo expresado por Andr\u00e9s Cueto, gerente general de la distribuidora quien inform\u00f3 que esta repotenciaci\u00f3n implica una mejor\u00eda significativa a los problemas de sobrecarga que por a\u00f1os hab\u00edan sufrido los 72,962 clientes que dependen directa e indirectamente de esa subestaci\u00f3n.<\/span><\/p>\n<p align=\"justify\">\u201c<span style=\"font-family: Arial, sans-serif;\">Hoy estamos aqu\u00ed cumplimiento una disposici\u00f3n del gobierno que encabeza Luis Abinader, quien desde el d\u00eda uno de su mandato decidi\u00f3 que se acabaran los privilegios que exist\u00edan en la inversi\u00f3n al sector el\u00e9ctrico, gracias a esa decisi\u00f3n hoy se est\u00e1 invirtiendo en cada rinc\u00f3n del pa\u00eds para que la gente reciba un servicio el\u00e9ctrico digno\u201d, refiri\u00f3 Cueto.<\/span><\/p>\n<p align=\"justify\"><span style=\"font-family: Arial, sans-serif;\">Andr\u00e9s Cueto a\u00f1adi\u00f3 que esta ampliaci\u00f3n forma parte de la repotenciaci\u00f3n escalonada que se lleva a cabo en las catorce provincias del Cibao tras la adquisici\u00f3n de tres transformadores de potencia que elevar\u00e1n la cantidad de megavatios que se entregan actualmente a los usuarios a trav\u00e9s de 18 subestaciones.<\/span><\/p>\n<p align=\"justify\"><span style=\"font-family: Arial, sans-serif;\">Al acto asistieron funcionarios gubernamentales, autoridades locales, representantes de entidades comunitarias y colaboradores de <a href=\"https:\/\/edenorte.com.do\/\">Edenorte Dominicana.<\/a><\/span><\/p>\n<p align=\"justify\"><span style=\"font-family: Arial, sans-serif;\">Comunidades impactadas positivamente<\/span><\/p>\n<p align=\"justify\"><span style=\"font-family: Arial, sans-serif;\">Urbanizaci\u00f3n Henriquez, La Trinitaria, Rinc\u00f3n Largo, Villa Olga, \u00c1rea Monumental, La Zurza, Reparto Universitario, Los Jardines Metropolitanos, Parque Metropolitano de Santiago, Cl\u00ednica Bella Forma, Centro De La Ciudad, Mejoramiento Social, Pueblo Nuevo, Ensanche Bol\u00edvar, Baracoa, Los Santos, Los Ciruelitos, Ensanche Berm\u00fadez, Escuela B\u00e1sica Los Ciruelitos, Escuela J. Armando Berm\u00fadez, Escuela Altagracia De Lora, Las Colinas, Escuela P\u00fablica Enriquillo.<\/span><\/p>\n<p align=\"justify\"><span style=\"font-family: Arial, sans-serif;\">Tambi\u00e9n Cerros De Gurabo, Urbanizaci\u00f3n Henriquez, Reparto del Este, Hoya del Caimito, El Dorado, Pontezuela al Medio, Escuela B\u00e1sica Pontezuela, Monte Adentro Abajo O Las Aromas, escuela b\u00e1sica Inocencia Mercedes Cabrera, Pontezuela Abajo, Villa Olga, Jardines del Este, Pontezuela Arriba, Urb. Do\u00f1a Isabel G., Los Rieles, Urb. Isabel G., Urb. Do\u00f1a Isabel, Gurabo, Buena Vista, Reparto Consuelo, escuela b\u00e1sica Felicia Hernandez, Escuela B\u00e1sica Salome Ure\u00f1a, La Chichigua, escuela b\u00e1sica Gurabo I, Cuesta de Piedra, Urbanizaci\u00f3n Jer\u00f3nimo I, Rio Arriba, Urbanizaci\u00f3n Cris\u00f3stomo, Guazumal Arriba, Pontezuela, Jacagua, Urbanizaci\u00f3n Llanos De Ocampo, entre otros.<\/span><\/p>\n<p>Impactos: 59<\/p>","protected":false},"excerpt":{"rendered":"<p>Hormiga Group Santiago.- En un acto encabezado por la vicepresidenta Raquel Pe\u00f1a, Edenorte Dominicana entreg\u00f3 la ampliaci\u00f3n y repotenciaci\u00f3n de la subestaci\u00f3n Gallera, en<\/p>\n","protected":false},"author":3,"featured_media":18673,"comment_status":"closed","ping_status":"closed","sticky":false,"template":"","format":"standard","meta":[],"categories":[3],"tags":[],"_links":{"self":[{"href":"https:\/\/hormigaradio.com\/index.php?rest_route=\/wp\/v2\/posts\/18671"}],"collection":[{"href":"https:\/\/hormigaradio.com\/index.php?rest_route=\/wp\/v2\/posts"}],"about":[{"href":"https:\/\/hormigaradio.com\/index.php?rest_route=\/wp\/v2\/types\/post"}],"author":[{"embeddable":true,"href":"https:\/\/hormigaradio.com\/index.php?rest_route=\/wp\/v2\/users\/3"}],"replies":[{"embeddable":true,"href":"https:\/\/hormigaradio.com\/index.php?rest_route=%2Fwp%2Fv2%2Fcomments&post=18671"}],"version-history":[{"count":1,"href":"https:\/\/hormigaradio.com\/index.php?rest_route=\/wp\/v2\/posts\/18671\/revisions"}],"predecessor-version":[{"id":18674,"href":"https:\/\/hormigaradio.com\/index.php?rest_route=\/wp\/v2\/posts\/18671\/revisions\/18674"}],"wp:featuredmedia":[{"embeddable":true,"href":"https:\/\/hormigaradio.com\/index.php?rest_route=\/wp\/v2\/media\/18673"}],"wp:attachment":[{"href":"https:\/\/hormigaradio.com\/index.php?rest_route=%2Fwp%2Fv2%2Fmedia&parent=18671"}],"wp:term":[{"taxonomy":"category","embeddable":true,"href":"https:\/\/hormigaradio.com\/index.php?rest_route=%2Fwp%2Fv2%2Fcategories&post=18671"},{"taxonomy":"post_tag","embeddable":true,"href":"https:\/\/hormigaradio.com\/index.php?rest_route=%2Fwp%2Fv2%2Ftags&post=18671"}],"curies":[{"name":"wp","href":"https:\/\/api.w.org\/{rel}","templated":true}]}}