{"id":18681,"date":"2023-08-10T01:36:02","date_gmt":"2023-08-10T01:36:02","guid":{"rendered":"https:\/\/hormigaradio.com\/?p=18681"},"modified":"2023-08-10T01:48:12","modified_gmt":"2023-08-10T01:48:12","slug":"asesinan-a-candidato-presidencial-en-quito","status":"publish","type":"post","link":"https:\/\/hormigaradio.com\/?p=18681","title":{"rendered":"ASESINAN A CANDIDATO PRESIDENCIAL EN QUITO"},"content":{"rendered":"<figure><a title=\"Efe\" href=\"https:\/\/acento.com.do\/autor\/efe.html\"><img class=\"i-amphtml-fill-content i-amphtml-replaced-content\" src=\"https:\/\/media.acento.com.do\/media\/storage02\/uploads\/2023\/06\/Coverimage-user-efe-1-50x50.webp\" alt=\"Efe\" \/><\/a><\/figure>\n<div class=\"extra-holder\">\n<p>Por\u00a0<span class=\"name font-700\"><a title=\"Efe\" href=\"https:\/\/acento.com.do\/autor\/efe.html\">Efe\u00a0\u00a0\u00a0<\/a><\/span><\/p>\n<\/div>\n<p>El candidato presidencial ecuatoriano Fernando Villavicencio fue asesinado este mi\u00e9rcoles durante un tiroteo mientras realizaba una acto de campa\u00f1a en un c\u00e9ntrico sector de Quito, informaron allegados al postulante.<\/p>\n<p>Carlos Figueroa, amigo personal de Villavicencio, asegur\u00f3 en un video difundido en redes sociales que el candidato muri\u00f3 tras ser alcanzado por los disparos, pese a que hab\u00eda sido trasladado a la Cl\u00ednica de la Mujer, un centro m\u00e9dico cercano al sitio del tiroteo.<\/p>\n<p>Villavicencio, al que la mayor\u00eda de las encuestas situaban en cuarta o quinta posici\u00f3n entre los contrincantes que se disputar\u00e1n la sucesi\u00f3n de Guillermo Lasso el pr\u00f3ximo 20 de agosto, se presentaba como un ariete contra la corrupci\u00f3n bajo el eslogan &#8220;Es tiempo de valientes&#8221;.<\/p>\n<p>El pol\u00edtico, de 59 a\u00f1os y periodista de profesi\u00f3n, fue integrante de la Asamblea (Congreso) hasta su disoluci\u00f3n y presid\u00eda la comisi\u00f3n de Fiscalizaci\u00f3n.<\/p>\n<p><img loading=\"lazy\" class=\"alignnone wp-image-18686 size-full\" src=\"http:\/\/hormigaradio.com\/wp-content\/uploads\/2023\/08\/WhatsApp-Image-2023-08-09-at-8.59.52-PM.jpeg\" alt=\"\" width=\"375\" height=\"240\" srcset=\"https:\/\/hormigaradio.com\/wp-content\/uploads\/2023\/08\/WhatsApp-Image-2023-08-09-at-8.59.52-PM.jpeg 375w, https:\/\/hormigaradio.com\/wp-content\/uploads\/2023\/08\/WhatsApp-Image-2023-08-09-at-8.59.52-PM-300x192.jpeg 300w, https:\/\/hormigaradio.com\/wp-content\/uploads\/2023\/08\/WhatsApp-Image-2023-08-09-at-8.59.52-PM-115x73.jpeg 115w\" sizes=\"(max-width: 375px) 100vw, 375px\" \/><\/p>\n<p>Durante el juicio pol\u00edtico contra Lasso, fue criticado porque esa comisi\u00f3n emiti\u00f3 un informe favorable al mandatario que no tuvo el apoyo entre los dem\u00e1s legisladores.<\/p>\n<p>El atentado se produce cuando faltan 11 d\u00edas para las elecciones.<\/p>\n<p>El ministro del Interior, Juan Zapata, confirm\u00f3 la informaci\u00f3n y asegur\u00f3 que el ataque fue perpetrado por sicarios que, adem\u00e1s, hirieron a otras personas.<\/p>\n<p>Villavicencio, identificado como un ac\u00e9rrimo detractor del expresidente Rafael Correa (2007-2017), se movilizaba con protecci\u00f3n policial ante amenazas que hab\u00eda recibido semanas atr\u00e1s.<\/p>\n<div class=\"banner-box\"><\/div>\n<p>Seg\u00fan informaciones de medios locales, agentes especiales investigaban la posibilidad de la colocaci\u00f3n un artefacto explosivo en el coliseo de una unidad educativa en la que el candidato cumpl\u00eda una acci\u00f3n proselitista.<\/p>\n<p>El asesinato de Villavicencio se dio en un momento en que el pa\u00eds sufre una escalada de la violencia por la acci\u00f3n de bandas criminales.<\/p>\n<p>A diario se reproducen m\u00faltiples informaciones de asesinatos, matanzas, extorsiones, ataques con explosivos, entre otros delitos, que han sembrado terror entre los ecuatorianos que sufren de este tipo de hechos violentos desde hace algo m\u00e1s de dos a\u00f1os.<\/p>\n<p>Ecuador cerr\u00f3 2022 con la mayor tasa de muertes violentas de su historia, al registrar 25,32 por cada 100.000 habitantes, la gran mayor\u00eda asociada, seg\u00fan el Gobierno, al crimen organizado y al narcotr\u00e1fico, que ha ganado fuerza en la costa y ha convertido a los puertos en grandes trampolines para la coca\u00edna que llega a Europa y Norteam\u00e9rica.<\/p>\n<p>Justamente, la lucha contra la criminalidad ha sido una de las principales promesas de los candidatos que aspiran a suceder en la presidencia al conservador Guillermo Lasso en las elecciones generales extraordinarias convocadas para el pr\u00f3ximo domingo 20 de agosto.<\/p>\n<p>Adem\u00e1s de Villavicencio, para los comicios presidenciales se hab\u00edan inscrito el ambientalista Yaku P\u00e9rez, la corre\u00edsta Luisa Gonz\u00e1lez, el experto en seguridad Jan Topic, el exvicepresiente Otto Sonnenholzner, el pol\u00edtico Daniel Hervas, el empresario Daniel Noboa y el independiente Bol\u00edvar Armijos.<\/p>\n<p>Impactos: 60<\/p>","protected":false},"excerpt":{"rendered":"<p>Por\u00a0Efe\u00a0\u00a0\u00a0 El candidato presidencial ecuatoriano Fernando Villavicencio fue asesinado este mi\u00e9rcoles durante un tiroteo mientras realizaba una acto de campa\u00f1a en un c\u00e9ntrico sector<\/p>\n","protected":false},"author":3,"featured_media":18684,"comment_status":"closed","ping_status":"closed","sticky":false,"template":"","format":"standard","meta":[],"categories":[6],"tags":[],"_links":{"self":[{"href":"https:\/\/hormigaradio.com\/index.php?rest_route=\/wp\/v2\/posts\/18681"}],"collection":[{"href":"https:\/\/hormigaradio.com\/index.php?rest_route=\/wp\/v2\/posts"}],"about":[{"href":"https:\/\/hormigaradio.com\/index.php?rest_route=\/wp\/v2\/types\/post"}],"author":[{"embeddable":true,"href":"https:\/\/hormigaradio.com\/index.php?rest_route=\/wp\/v2\/users\/3"}],"replies":[{"embeddable":true,"href":"https:\/\/hormigaradio.com\/index.php?rest_route=%2Fwp%2Fv2%2Fcomments&post=18681"}],"version-history":[{"count":4,"href":"https:\/\/hormigaradio.com\/index.php?rest_route=\/wp\/v2\/posts\/18681\/revisions"}],"predecessor-version":[{"id":18687,"href":"https:\/\/hormigaradio.com\/index.php?rest_route=\/wp\/v2\/posts\/18681\/revisions\/18687"}],"wp:featuredmedia":[{"embeddable":true,"href":"https:\/\/hormigaradio.com\/index.php?rest_route=\/wp\/v2\/media\/18684"}],"wp:attachment":[{"href":"https:\/\/hormigaradio.com\/index.php?rest_route=%2Fwp%2Fv2%2Fmedia&parent=18681"}],"wp:term":[{"taxonomy":"category","embeddable":true,"href":"https:\/\/hormigaradio.com\/index.php?rest_route=%2Fwp%2Fv2%2Fcategories&post=18681"},{"taxonomy":"post_tag","embeddable":true,"href":"https:\/\/hormigaradio.com\/index.php?rest_route=%2Fwp%2Fv2%2Ftags&post=18681"}],"curies":[{"name":"wp","href":"https:\/\/api.w.org\/{rel}","templated":true}]}}