{"id":18688,"date":"2023-08-10T15:54:35","date_gmt":"2023-08-10T15:54:35","guid":{"rendered":"https:\/\/hormigaradio.com\/?p=18688"},"modified":"2023-08-10T15:54:35","modified_gmt":"2023-08-10T15:54:35","slug":"fallece-tiroteado-un-sospechoso-de-asesinar-a-candidato-presidencial","status":"publish","type":"post","link":"https:\/\/hormigaradio.com\/?p=18688","title":{"rendered":"FALLECE TIROTEADO UN SOSPECHOSO DE ASESINAR A CANDIDATO PRESIDENCIAL"},"content":{"rendered":"<p><img loading=\"lazy\" class=\"size-medium wp-image-18686 alignleft\" src=\"http:\/\/hormigaradio.com\/wp-content\/uploads\/2023\/08\/WhatsApp-Image-2023-08-09-at-8.59.52-PM-300x192.jpeg\" alt=\"\" width=\"300\" height=\"192\" srcset=\"https:\/\/hormigaradio.com\/wp-content\/uploads\/2023\/08\/WhatsApp-Image-2023-08-09-at-8.59.52-PM-300x192.jpeg 300w, https:\/\/hormigaradio.com\/wp-content\/uploads\/2023\/08\/WhatsApp-Image-2023-08-09-at-8.59.52-PM-115x73.jpeg 115w, https:\/\/hormigaradio.com\/wp-content\/uploads\/2023\/08\/WhatsApp-Image-2023-08-09-at-8.59.52-PM.jpeg 375w\" sizes=\"(max-width: 300px) 100vw, 300px\" \/>https:\/\/acento.com.do\/<\/p>\n<p>Un hombre sospechoso de haber asesinado este mi\u00e9rcoles al candidato a la Presidencia de Ecuador Fernando Villavicencio falleci\u00f3 despu\u00e9s de mantener un tiroteo con el personal de seguridad, seg\u00fan inform\u00f3 la Fiscal\u00eda.<\/p>\n<p>El Ministerio P\u00fablico inform\u00f3 a trav\u00e9s de redes sociales que el hombre, &#8220;que result\u00f3 herido durante el cruce de balas con el personal de seguridad, fue aprehendido y trasladado malherido hasta la Unidad de Flagrancia en Quito&#8221;.<\/p>\n<p>&#8220;Una ambulancia de los Bomberos confirm\u00f3 su deceso. La Polic\u00eda procede con el levantamiento del cad\u00e1ver&#8221;, detall\u00f3 la Fiscal\u00eda sobre el presunto autor del asesinato de Villavicencio, atacado a tiros a la salida de un mitin electoral en un concurrido y c\u00e9ntrico sector de la capital ecuatoriana.<\/p>\n<p>Hasta ahora no ha trascendido mayor informaci\u00f3n de los autores del atentado ni tampoco las autoridades se han pronunciado si se perpetr\u00f3 con un \u00fanico atacante o en su ejecuci\u00f3n participaron otras personas.<\/p>\n<p>Mientras, el movimiento pol\u00edtico Construye que ten\u00eda a Villavicencio como candidato presidencial denunci\u00f3 a trav\u00e9s de redes sociales que hombres armados han atacado sus oficinas de campa\u00f1a en Quito, pocas horas despu\u00e9s del atentado contra el pol\u00edtico.<\/p>\n<figure><img class=\"i-amphtml-fill-content i-amphtml-replaced-content\" title=\"63216af751334a20c276410b8fbfc22b7fd10e77w-728x485\" src=\"https:\/\/media.acento.com.do\/media\/storage02\/uploads\/2023\/08\/63216af751334a20c276410b8fbfc22b7fd10e77w-728x485.webp\" alt=\"63216af751334a20c276410b8fbfc22b7fd10e77w-728x485\" \/><figcaption>Fotograf\u00cda del pasado 25 de mayo que registr\u00f3 a Fernando Villavicencio durante una entrevista con EFE, en Quito (Ecuador). EFE\/Jos\u00e9 J\u00e1come<\/figcaption><\/figure>\n<p>Producto del atentado tambi\u00e9n han quedado nuevas personas heridas que se encontraban en el lugar donde se realizaba el mitin y que han sido trasladadas a un centr\u00f3 m\u00e9dico. Entre ellas hay una candidata a asamble\u00edsta y dos agentes de Polic\u00eda.<\/p>\n<div class=\"banner-box\"><\/div>\n<p>El mortal atentado sufrido por Villavicencio ha manchado m\u00e1s de sangre una campa\u00f1a electoral marcada por la crisis de inseguridad y violencia del crimen organizado que atraviesa Ecuador y que le llev\u00f3 a cerrar 2022 con la peor tasa de muertes violentas de su historia, con 25,32 por cada 100.000 habitantes.<\/p>\n<p>Los asesinatos a manos de sicarios y masacres de grupos armados que a diario se producen en varias zonas del pa\u00eds tambi\u00e9n han golpeado tambi\u00e9n a la clase pol\u00edtica.<\/p>\n<p>De forma similar a la muerte de Villavicencio, que semanas atr\u00e1s hab\u00eda denunciado amenazas en su contra, fueron asesinados recientemente el alcalde de Manta, Agust\u00edn Intriago, y un candidato a asamble\u00edsta por la norte\u00f1a provincia de Esmeraldas.<\/p>\n<p>Villavicencio era uno de los ocho candidatos presidenciales inscritos para estas elecciones generales extraordinarias, quienes han quedado consternados tras el crimen y varios de ellos han anunciado que suspenden sus campa\u00f1as electorales a la par que han invocado a un pacto frente a la inseguridad.<\/p>\n<p>El auge de la crisis de inseguridad est\u00e1 asociado principalmente, seg\u00fan el Gobierno, al crimen organizado y al narcotr\u00e1fico, que ha ganado fuerza en la costa y ha convertido a los puertos en grandes trampolines para la coca\u00edna que llega a Europa y Norteam\u00e9rica.<\/p>\n<div class=\"banner-box\"><\/div>\n<h1 class=\"\">EEUU ofrece ayuda urgente a Ecuador para investigar el asesinato<\/h1>\n<p>Estados Unidos ofreci\u00f3 asistencia a Ecuador para investigar el asesinato del candidato presidencial Fernando Villavicencio, abatido a tiros este mi\u00e9rcoles tras un mitin pol\u00edtico en Quito.<\/p>\n<p>&#8220;El Gobierno de los EE.UU. condena en\u00e9rgicamente este ataque y ofrece asistencia investigativa urgente&#8221;, escribi\u00f3 en un mensaje en Twitter el embajador estadounidense en el pa\u00eds, Michael Fitzpatrick.<\/p>\n<p>Fitzpatrick conden\u00f3 el ataque y se refiri\u00f3 a Villavicencio como un &#8220;luchador contra los corruptos y narco-delincuentes que han hecho tanto da\u00f1o al Ecuador&#8221;. Tambi\u00e9n ofreci\u00f3 su p\u00e9same a la familia del pol\u00edtico y al pueblo ecuatoriano.<\/p>\n<p>Impactos: 50<\/p>","protected":false},"excerpt":{"rendered":"<p>https:\/\/acento.com.do\/ Un hombre sospechoso de haber asesinado este mi\u00e9rcoles al candidato a la Presidencia de Ecuador Fernando Villavicencio falleci\u00f3 despu\u00e9s de mantener un tiroteo<\/p>\n","protected":false},"author":3,"featured_media":18686,"comment_status":"closed","ping_status":"closed","sticky":false,"template":"","format":"standard","meta":[],"categories":[6],"tags":[],"_links":{"self":[{"href":"https:\/\/hormigaradio.com\/index.php?rest_route=\/wp\/v2\/posts\/18688"}],"collection":[{"href":"https:\/\/hormigaradio.com\/index.php?rest_route=\/wp\/v2\/posts"}],"about":[{"href":"https:\/\/hormigaradio.com\/index.php?rest_route=\/wp\/v2\/types\/post"}],"author":[{"embeddable":true,"href":"https:\/\/hormigaradio.com\/index.php?rest_route=\/wp\/v2\/users\/3"}],"replies":[{"embeddable":true,"href":"https:\/\/hormigaradio.com\/index.php?rest_route=%2Fwp%2Fv2%2Fcomments&post=18688"}],"version-history":[{"count":1,"href":"https:\/\/hormigaradio.com\/index.php?rest_route=\/wp\/v2\/posts\/18688\/revisions"}],"predecessor-version":[{"id":18689,"href":"https:\/\/hormigaradio.com\/index.php?rest_route=\/wp\/v2\/posts\/18688\/revisions\/18689"}],"wp:featuredmedia":[{"embeddable":true,"href":"https:\/\/hormigaradio.com\/index.php?rest_route=\/wp\/v2\/media\/18686"}],"wp:attachment":[{"href":"https:\/\/hormigaradio.com\/index.php?rest_route=%2Fwp%2Fv2%2Fmedia&parent=18688"}],"wp:term":[{"taxonomy":"category","embeddable":true,"href":"https:\/\/hormigaradio.com\/index.php?rest_route=%2Fwp%2Fv2%2Fcategories&post=18688"},{"taxonomy":"post_tag","embeddable":true,"href":"https:\/\/hormigaradio.com\/index.php?rest_route=%2Fwp%2Fv2%2Ftags&post=18688"}],"curies":[{"name":"wp","href":"https:\/\/api.w.org\/{rel}","templated":true}]}}