{"id":18690,"date":"2023-08-10T15:57:42","date_gmt":"2023-08-10T15:57:42","guid":{"rendered":"https:\/\/hormigaradio.com\/?p=18690"},"modified":"2023-08-10T15:57:42","modified_gmt":"2023-08-10T15:57:42","slug":"estado-de-excepcion-tras-el-asesinato-del-candidato-presidencial-fernando-villavicencio","status":"publish","type":"post","link":"https:\/\/hormigaradio.com\/?p=18690","title":{"rendered":"ESTADO DE EXCEPCI\u00d3N TRAS EL ASESINATO DEL CANDIDATO PRESIDENCIAL FERNANDO VILLAVICENCIO"},"content":{"rendered":"<p class=\"c-article-summary\"><img loading=\"lazy\" class=\"size-full wp-image-18691 alignleft\" src=\"http:\/\/hormigaradio.com\/wp-content\/uploads\/2023\/08\/ECUADOR.jpg\" alt=\"\" width=\"275\" height=\"183\" \/>Se declara el estado de excepci\u00f3n en Ecuador tras el asesinato del candidato presidencial Fernando Villavicencio en un acto de campa\u00f1a. El hombre sospechoso del asesinato falleci\u00f3 despu\u00e9s del tiroteo con el personal de seguridad. Seis personas presuntamente involucradas fueron detenidas.<\/p>\n<div class=\"c-article-content js-article-content \">\n<p>Se ha declarado\u00a0<strong>el estado de excepci\u00f3n en Ecuador tras el asesinato del candidato presidencial Fernando Villavicencio<\/strong>\u00a0este mi\u00e9rcoles, tras un tiroteo durante un acto de campa\u00f1a en el centro de Quito. El sospechoso del asesinato falleci\u00f3 despu\u00e9s del tiroteo con el personal de seguridad.<\/p>\n<p><strong>Seis personas presuntamente involucradas fueron detenidas.<\/strong>\u00a0Villavicencio que hacia parte del movimiento de centro Construye, **denunci\u00f3 amenazas contra \u00e9l y su equipo de campa\u00f1a.**Villavicencio fue una de\u00a0las voces m\u00e1s cr\u00edticas\u00a0contra la corrupci\u00f3n.<\/p>\n<p>Pese al asesinato,\u00a0<strong>la fecha de las elecciones para el 20 de agosto se mantiene<\/strong>.<\/p>\n<h2>El presidente del pa\u00eds condena el hecho<\/h2>\n<p>&#8220;Indignado y consternado por el asesinato del candidato presidencial Fernando Villavicencio. Mi solidaridad y mis condolencias con su esposa y sus hijas&#8221;, expres\u00f3 el presidente Guillermo Lasso a trav\u00e9s de redes sociales.<\/p>\n<p data-min-tv-running=\"true\"><strong>El presidente agreg\u00f3<\/strong>\u00a0que &#8220;por su memoria y por su lucha, les aseguro que este crimen no va a quedar impune&#8221; y que &#8220;<strong>el crimen organizado ha llegado muy lejos<\/strong>, pero les va a caer todo el peso de la ley&#8221;.<\/p>\n<p>Ecuador\u00a0<strong>sufre en los \u00faltimos a\u00f1os un embate del crimen vinculado al narcotr\u00e1fico<\/strong>, lo que casi duplic\u00f3 la tasa de homicidios entre 2021 y 2022, cuando se registraron 25 homicidios por cada 100 000 habitantes.<\/p>\n<p>Antes de los comicios locales celebrados en febrero en Ecuador dos candidatos a alcald\u00edas fueron asesinados.<\/p>\n<\/div>\n<p>Impactos: 73<\/p>","protected":false},"excerpt":{"rendered":"<p>Se declara el estado de excepci\u00f3n en Ecuador tras el asesinato del candidato presidencial Fernando Villavicencio en un acto de campa\u00f1a. El hombre sospechoso<\/p>\n","protected":false},"author":3,"featured_media":18691,"comment_status":"closed","ping_status":"closed","sticky":false,"template":"","format":"standard","meta":[],"categories":[6],"tags":[],"_links":{"self":[{"href":"https:\/\/hormigaradio.com\/index.php?rest_route=\/wp\/v2\/posts\/18690"}],"collection":[{"href":"https:\/\/hormigaradio.com\/index.php?rest_route=\/wp\/v2\/posts"}],"about":[{"href":"https:\/\/hormigaradio.com\/index.php?rest_route=\/wp\/v2\/types\/post"}],"author":[{"embeddable":true,"href":"https:\/\/hormigaradio.com\/index.php?rest_route=\/wp\/v2\/users\/3"}],"replies":[{"embeddable":true,"href":"https:\/\/hormigaradio.com\/index.php?rest_route=%2Fwp%2Fv2%2Fcomments&post=18690"}],"version-history":[{"count":1,"href":"https:\/\/hormigaradio.com\/index.php?rest_route=\/wp\/v2\/posts\/18690\/revisions"}],"predecessor-version":[{"id":18692,"href":"https:\/\/hormigaradio.com\/index.php?rest_route=\/wp\/v2\/posts\/18690\/revisions\/18692"}],"wp:featuredmedia":[{"embeddable":true,"href":"https:\/\/hormigaradio.com\/index.php?rest_route=\/wp\/v2\/media\/18691"}],"wp:attachment":[{"href":"https:\/\/hormigaradio.com\/index.php?rest_route=%2Fwp%2Fv2%2Fmedia&parent=18690"}],"wp:term":[{"taxonomy":"category","embeddable":true,"href":"https:\/\/hormigaradio.com\/index.php?rest_route=%2Fwp%2Fv2%2Fcategories&post=18690"},{"taxonomy":"post_tag","embeddable":true,"href":"https:\/\/hormigaradio.com\/index.php?rest_route=%2Fwp%2Fv2%2Ftags&post=18690"}],"curies":[{"name":"wp","href":"https:\/\/api.w.org\/{rel}","templated":true}]}}