{"id":18693,"date":"2023-08-12T20:13:20","date_gmt":"2023-08-12T20:13:20","guid":{"rendered":"https:\/\/hormigaradio.com\/?p=18693"},"modified":"2023-08-12T20:13:26","modified_gmt":"2023-08-12T20:13:26","slug":"aplazan-la-medida-de-coercion-contra-arrestados-de-la-operacion-discovery-2-0","status":"publish","type":"post","link":"https:\/\/hormigaradio.com\/?p=18693","title":{"rendered":"APLAZAN LA MEDIDA DE COERCI\u00d3N CONTRA ARRESTADOS DE LA OPERACI\u00d3N DISCOVERY 2.0"},"content":{"rendered":"<p>&nbsp;<\/p>\n<figure><a title=\"Servicios de Acento.com.do\" href=\"https:\/\/acento.com.do\/autor\/servicios.html\"><img class=\"i-amphtml-fill-content i-amphtml-replaced-content\" src=\"https:\/\/media.acento.com.do\/media\/storage02\/uploads\/2023\/06\/Coverimage-user-1-50x50.webp\" alt=\"Servicios de Acento.com.do\" \/><\/a><\/figure>\n<div class=\"extra-holder\">\n<p>Por\u00a0<span class=\"name font-700\"><a title=\"Servicios de Acento.com.do\" href=\"https:\/\/acento.com.do\/autor\/servicios.html\">Servicios de Acento.com.do<\/a><\/span><\/p>\n<\/div>\n<p>Fue aplazada para el pr\u00f3ximo viernes 18 de agosto\u00a0 la audiencia para el conocimiento de medidas de coerci\u00f3n a los arrestados de la\u00a0<strong>operaci\u00f3n Discovery 2.0.<\/strong><\/p>\n<p>El juez de la Oficina Judicial de Atenci\u00f3n Permanente de Santiago acogi\u00f3 la solicitud de la parte imputada, ya que pidi\u00f3 tiempo para buscar y presentar arraigos en favor de sus representados.<\/p>\n<p>La Fiscal\u00eda desarroll\u00f3 esta investigaci\u00f3n en coordinaci\u00f3n con la Direcci\u00f3n General de Persecuci\u00f3n del Ministerio P\u00fablico, la cooperaci\u00f3n internacional de la Polic\u00eda de Nueva York y la Oficina de Investigaciones de Seguridad Nacional (HSI), de los Estados Unidos, en contra de 18 hombres y 6 mujeres, propietarios y operadores de cuatro centros de llamadas o \u201ccall centers\u201d fraudulentos, los cuales fueron allanados, secuestrando evidencias contundentes de los delitos<strong>\u00a0imputados<\/strong>.<\/p>\n<p>La Fiscal\u00eda de Santiago ha evidenciado que los integrantes de la red, habiendo analizado el perfil de sus v\u00edctimas (entre 70 y 95 a\u00f1os de edad), &#8220;aprovechando su estado de vulnerabilidad, irrumpieron en sus vidas y con varias maniobras enga\u00f1osas les despojaron de los recursos econ\u00f3micos&#8221;.<\/p>\n<p>&nbsp;<\/p>\n<div class=\"amp-hidden\"><\/div>\n<p><iframe class=\"i-amphtml-fill-content\" src=\"https:\/\/player.vimeo.com\/video\/853755101?title=0&amp;amp;byline=0#amp=1\" name=\"amp_iframe0\" frameborder=\"0\" sandbox=\"allow-scripts allow-same-origin\" data-mce-fragment=\"1\"><\/iframe><\/p>\n<p>&nbsp;<\/p>\n<div class=\"banner-box\"><\/div>\n<p>As\u00ed lo expres\u00f3 el titular de la Fiscal\u00eda de Santiago, Osvaldo Bonilla, al exponer que estos recursos eran, para muchas de las v\u00edctimas, su \u00fanico sustento en su etapa de retiro.<\/p>\n<p>La investigaci\u00f3n del Ministerio P\u00fablico logr\u00f3 develar las maniobras fraudulentas de los ciberdelincuentes, algunos deportados y con antecedentes delictivos, as\u00ed como la &#8220;psicolog\u00eda de terror&#8221; que implantaban para enga\u00f1ar, convencer y despojar a las personas afectadas de bienes econ\u00f3micos.<\/p>\n<p>Bonilla revel\u00f3 que uno de los imputados, Claudio Santana o Claudio Mercedes, arrestado en el proceso, fue deportado a los Estados Unidos, donde enfrenta cargos por varios delitos cometidos en perjuicio de la legislaci\u00f3n de esa naci\u00f3n.<\/p>\n<p>La Oficina Judicial de Servicios de Atenci\u00f3n Permanente, presidida por el juez coordinador de los Juzgados de la Instrucci\u00f3n, Jos\u00e9 Rafael D&#8217; As\u00eds, est\u00e1 a cargo de la solicitud hecha por el Ministerio P\u00fablico para que imponga la prisi\u00f3n preventiva por 18 meses y que declare de tramitaci\u00f3n compleja el proceso contra Juan Rafael Parra Arias, Juan Armando V\u00e1zquez Ram\u00edrez, Hayler Andr\u00e9s Olivares N\u00fa\u00f1ez, Miguel \u00c1ngel Camilo P\u00e9rez, Freddy Urtarte, Wilson Miguel Rodr\u00edguez Suero, M\u00e9lquido Rojas Vargas, Ram\u00f3n Esterling Polanco Leclerc, Deuris Antonio Franco de la Cruz, Erick \u00c1ngel Pe\u00f1a N\u00fa\u00f1ez, Arnaldo Manuel Rosario Nolasco, Benito Antonio Guzm\u00e1n Castro, W\u00e1scar Canot Guzm\u00e1n, Jonathan Jes\u00fas Rodr\u00edguez Bonilla y Luis Manuel Mart\u00ednez.<\/p>\n<p>La instancia de solicitud de medida tambi\u00e9n incluye a Amaurys Joel Mes\u00f3n Figuereo, Jonathan Ignacio Castro G\u00fcichardo, Arlin Josefina Rosa Rosario, Glorisel Mart\u00ednez Peralta, Yenny Carolina Corniel Henr\u00edquez, Leslie Agnes Succart Gonz\u00e1lez, Lorena Franchesca Antigua P\u00e9rez y Juana Yadirys Ventura.<\/p>\n<div class=\"banner-box\"><\/div>\n<p>La Operaci\u00f3n Discovery 2.0 involucr\u00f3 26 fiscales y 239 agentes de la Polic\u00eda Nacional, equipos de investigadores y t\u00e9cnicos de la Procuradur\u00eda Especializada contra Cr\u00edmenes y Delitos de Alta Tecnolog\u00eda, y de la Direcci\u00f3n General de Persecuci\u00f3n del Ministerio P\u00fablico, que se emple\u00f3 en la coordinaci\u00f3n operativa.<\/p>\n<p>Impactos: 120<\/p>","protected":false},"excerpt":{"rendered":"<p>&nbsp; Por\u00a0Servicios de Acento.com.do Fue aplazada para el pr\u00f3ximo viernes 18 de agosto\u00a0 la audiencia para el conocimiento de medidas de coerci\u00f3n a los<\/p>\n","protected":false},"author":3,"featured_media":18643,"comment_status":"closed","ping_status":"closed","sticky":false,"template":"","format":"standard","meta":[],"categories":[3],"tags":[],"_links":{"self":[{"href":"https:\/\/hormigaradio.com\/index.php?rest_route=\/wp\/v2\/posts\/18693"}],"collection":[{"href":"https:\/\/hormigaradio.com\/index.php?rest_route=\/wp\/v2\/posts"}],"about":[{"href":"https:\/\/hormigaradio.com\/index.php?rest_route=\/wp\/v2\/types\/post"}],"author":[{"embeddable":true,"href":"https:\/\/hormigaradio.com\/index.php?rest_route=\/wp\/v2\/users\/3"}],"replies":[{"embeddable":true,"href":"https:\/\/hormigaradio.com\/index.php?rest_route=%2Fwp%2Fv2%2Fcomments&post=18693"}],"version-history":[{"count":1,"href":"https:\/\/hormigaradio.com\/index.php?rest_route=\/wp\/v2\/posts\/18693\/revisions"}],"predecessor-version":[{"id":18694,"href":"https:\/\/hormigaradio.com\/index.php?rest_route=\/wp\/v2\/posts\/18693\/revisions\/18694"}],"wp:featuredmedia":[{"embeddable":true,"href":"https:\/\/hormigaradio.com\/index.php?rest_route=\/wp\/v2\/media\/18643"}],"wp:attachment":[{"href":"https:\/\/hormigaradio.com\/index.php?rest_route=%2Fwp%2Fv2%2Fmedia&parent=18693"}],"wp:term":[{"taxonomy":"category","embeddable":true,"href":"https:\/\/hormigaradio.com\/index.php?rest_route=%2Fwp%2Fv2%2Fcategories&post=18693"},{"taxonomy":"post_tag","embeddable":true,"href":"https:\/\/hormigaradio.com\/index.php?rest_route=%2Fwp%2Fv2%2Ftags&post=18693"}],"curies":[{"name":"wp","href":"https:\/\/api.w.org\/{rel}","templated":true}]}}