{"id":18698,"date":"2023-08-13T23:30:56","date_gmt":"2023-08-13T23:30:56","guid":{"rendered":"https:\/\/hormigaradio.com\/?p=18698"},"modified":"2023-08-13T23:44:26","modified_gmt":"2023-08-13T23:44:26","slug":"presidente-luis-abinader-anuncia-buscara-la-reeleccion","status":"publish","type":"post","link":"https:\/\/hormigaradio.com\/?p=18698","title":{"rendered":"PRESIDENTE LUIS ABINADER ANUNCIA  BUSCAR\u00c1 LA REELECCI\u00d3N (v\u00eddeo)"},"content":{"rendered":"<div class=\"autor-share-holder flex-container align-center justify-between\">\n<div class=\"autor flex-container align-center\">\n<figure><a title=\"Servicios de Acento.com.do\" href=\"https:\/\/acento.com.do\/autor\/servicios.html\"><img class=\"i-amphtml-fill-content i-amphtml-replaced-content\" src=\"https:\/\/media.acento.com.do\/media\/storage02\/uploads\/2023\/06\/Coverimage-user-1-50x50.webp\" alt=\"Servicios de Acento.com.do\" \/><\/a><\/figure>\n<div class=\"extra-holder\">\n<p>Por\u00a0<span class=\"name font-700\"><a title=\"Servicios de Acento.com.do\" href=\"https:\/\/acento.com.do\/autor\/servicios.html\">Servicios de Acento.com.do<\/a><\/span><\/p>\n<p>&nbsp;<\/p>\n<\/div>\n<\/div>\n<\/div>\n<div class=\"banner-box\">\n<div style=\"width: 640px;\" class=\"wp-video\"><!--[if lt IE 9]><script>document.createElement('video');<\/script><![endif]-->\n<video class=\"wp-video-shortcode\" id=\"video-18698-1\" width=\"640\" height=\"336\" preload=\"metadata\" controls=\"controls\"><source type=\"video\/mp4\" src=\"http:\/\/hormigaradio.com\/wp-content\/uploads\/2023\/08\/WhatsApp-Video-2023-08-13-at-7.37.01-PM.mp4?_=1\" \/><a href=\"http:\/\/hormigaradio.com\/wp-content\/uploads\/2023\/08\/WhatsApp-Video-2023-08-13-at-7.37.01-PM.mp4\">http:\/\/hormigaradio.com\/wp-content\/uploads\/2023\/08\/WhatsApp-Video-2023-08-13-at-7.37.01-PM.mp4<\/a><\/video><\/div>\n<\/div>\n<div class=\"article-body\">\n<p>&nbsp;<\/p>\n<p>El presidente Luis Abinader adelant\u00f3 este domingo que inscribir\u00e1 su precandidatura en el Partido Revolucionario Moderno (PRM) para optar por la reelecci\u00f3n en las elecciones presidenciales del pr\u00f3ximo a\u00f1o.<\/p>\n<p>\u201cDespu\u00e9s de una profunda reflexi\u00f3n, entend\u00ed que el pa\u00eds est\u00e1 por encima de mi tranquilidad familiar o personal, por eso comunico hoy mi decisi\u00f3n de participar en las elecciones internas del Partido Revolucionario Moderno (PRM), para ser su candidato a la presidencia de la Rep\u00fablica en las elecciones del 2024\u201d, declar\u00f3 el gobernante en un breve mensaje difundido mediante v\u00eddeo en las redes sociales.<\/p>\n<p>A seguidas, Abinader resalta los que considera principales logros de su gesti\u00f3n, que este 16 de agosto cumple 3 a\u00f1os, entre los cuales mencion\u00f3 la designaci\u00f3n de funcionarios independientes en la cabeza del Ministerio P\u00fablico, el manejo de la crisis econ\u00f3mica generada por el cierre de la econom\u00eda provocado por la pandemia de Covid-19, la reactivaci\u00f3n de la econom\u00eda y el sostenimiento y fortalecimiento de los programas de subsidios sociales para las personas de menos ingresos.<\/p>\n<p>&#8220;Quiero que sigamos construyendo sobre los logros que hemos alcanzado juntos, trabajando con el mismo entusiasmo e intensidad de siempre. Sigamos creyendo en el poder de la honestidad&#8221;, expres\u00f3.<\/p>\n<p>Este aviso adelanta la fecha en que el gobernante originalmente hab\u00eda dicho a trav\u00e9s de sus voceros que se dirigir\u00eda al pa\u00eds el 18 de este mes de agosto para informar si optaba por buscar un nuevo cuatrienio o no.<\/p>\n<p>De acuerdo con la Constituci\u00f3n de la Rep\u00fablica Dominicana, proclamada en 2015, los presidentes pueden aspirar a una reelecci\u00f3n, y luego no podr\u00e1n aspirar m\u00e1s a ocupar la Presidencia de la Rep\u00fablica.<\/p>\n<\/div>\n<p>Impactos: 59<\/p>","protected":false},"excerpt":{"rendered":"<p>Por\u00a0Servicios de Acento.com.do &nbsp; &nbsp; El presidente Luis Abinader adelant\u00f3 este domingo que inscribir\u00e1 su precandidatura en el Partido Revolucionario Moderno (PRM) para optar<\/p>\n","protected":false},"author":3,"featured_media":14909,"comment_status":"closed","ping_status":"closed","sticky":false,"template":"","format":"standard","meta":[],"categories":[6],"tags":[],"_links":{"self":[{"href":"https:\/\/hormigaradio.com\/index.php?rest_route=\/wp\/v2\/posts\/18698"}],"collection":[{"href":"https:\/\/hormigaradio.com\/index.php?rest_route=\/wp\/v2\/posts"}],"about":[{"href":"https:\/\/hormigaradio.com\/index.php?rest_route=\/wp\/v2\/types\/post"}],"author":[{"embeddable":true,"href":"https:\/\/hormigaradio.com\/index.php?rest_route=\/wp\/v2\/users\/3"}],"replies":[{"embeddable":true,"href":"https:\/\/hormigaradio.com\/index.php?rest_route=%2Fwp%2Fv2%2Fcomments&post=18698"}],"version-history":[{"count":5,"href":"https:\/\/hormigaradio.com\/index.php?rest_route=\/wp\/v2\/posts\/18698\/revisions"}],"predecessor-version":[{"id":18704,"href":"https:\/\/hormigaradio.com\/index.php?rest_route=\/wp\/v2\/posts\/18698\/revisions\/18704"}],"wp:featuredmedia":[{"embeddable":true,"href":"https:\/\/hormigaradio.com\/index.php?rest_route=\/wp\/v2\/media\/14909"}],"wp:attachment":[{"href":"https:\/\/hormigaradio.com\/index.php?rest_route=%2Fwp%2Fv2%2Fmedia&parent=18698"}],"wp:term":[{"taxonomy":"category","embeddable":true,"href":"https:\/\/hormigaradio.com\/index.php?rest_route=%2Fwp%2Fv2%2Fcategories&post=18698"},{"taxonomy":"post_tag","embeddable":true,"href":"https:\/\/hormigaradio.com\/index.php?rest_route=%2Fwp%2Fv2%2Ftags&post=18698"}],"curies":[{"name":"wp","href":"https:\/\/api.w.org\/{rel}","templated":true}]}}