{"id":18915,"date":"2023-09-18T17:16:06","date_gmt":"2023-09-18T17:16:06","guid":{"rendered":"https:\/\/hormigaradio.com\/?p=18915"},"modified":"2023-09-18T17:16:06","modified_gmt":"2023-09-18T17:16:06","slug":"muere-en-texas-cantautor-bolerista-dominicano-anibal-de-pena","status":"publish","type":"post","link":"https:\/\/hormigaradio.com\/?p=18915","title":{"rendered":"MUERE EN TEXAS CANTAUTOR\/BOLERISTA DOMINICANO ANIBAL DE PE\u00d1A"},"content":{"rendered":"<p>&nbsp;<\/p>\n<figure><a title=\"Servicios de Acento.com.do\" href=\"https:\/\/acento.com.do\/autor\/servicios.html\"><img class=\"i-amphtml-fill-content i-amphtml-replaced-content\" src=\"https:\/\/media.acento.com.do\/media\/storage02\/uploads\/2023\/06\/Coverimage-user-1-50x50.webp\" alt=\"Servicios de Acento.com.do\" \/><\/a><\/figure>\n<div class=\"extra-holder\">\n<p>Por\u00a0<span class=\"name font-700\"><a title=\"Servicios de Acento.com.do\" href=\"https:\/\/acento.com.do\/autor\/servicios.html\">Servicios de Acento.com.do<\/a><\/span><\/p>\n<div class=\"flex-container align-center\">Falleci\u00f3 este lunes en el estado de Texas, Estados Unidos, a los 90 a\u00f1os, el cantante dominicano An\u00edbal de Pe\u00f1a, a causa de una neumon\u00eda.<\/div>\n<\/div>\n<p>El deceso de De Pe\u00f1a fue dado a conocer por su hija, Alih Jey de Pe\u00f1a Jim\u00e9nez, as\u00ed como por Raphy D\u2019Oleo, quien fue representante del reconocido artista.<\/p>\n<p>El artista, nacido en la provincia de Barahona el 11 de mayo de 1933 y considerado un s\u00edmbolo de la canci\u00f3n rom\u00e1ntica en el pa\u00eds, es autor de &#8220;Mi debilidad&#8221;, &#8220;D\u00e9jame beber&#8221; y &#8220;Muchachita de mi pueblo&#8221;, entre otros temas.<\/p>\n<p>Adem\u00e1s de escribir el himno constitucionalista o himno a la Revoluci\u00f3n de Abril de 1965, de Pe\u00f1a cre\u00f3 la m\u00fasica del himno del Partido Revolucionario Dominicano (PRD).<\/p>\n<p>Fue esposo de Iluminada Jim\u00e9nez, con quien procre\u00f3 tres hijas, Liliani, Ilumin y Alih Jey, quien es cantante y compositora.<\/p>\n<p>Los actos f\u00fanebres se realizar\u00e1n en Dallas, Texas.<\/p>\n<p>Impactos: 68<\/p>","protected":false},"excerpt":{"rendered":"<p>&nbsp; Por\u00a0Servicios de Acento.com.do Falleci\u00f3 este lunes en el estado de Texas, Estados Unidos, a los 90 a\u00f1os, el cantante dominicano An\u00edbal de Pe\u00f1a,<\/p>\n","protected":false},"author":3,"featured_media":0,"comment_status":"closed","ping_status":"closed","sticky":false,"template":"","format":"standard","meta":[],"categories":[3],"tags":[],"_links":{"self":[{"href":"https:\/\/hormigaradio.com\/index.php?rest_route=\/wp\/v2\/posts\/18915"}],"collection":[{"href":"https:\/\/hormigaradio.com\/index.php?rest_route=\/wp\/v2\/posts"}],"about":[{"href":"https:\/\/hormigaradio.com\/index.php?rest_route=\/wp\/v2\/types\/post"}],"author":[{"embeddable":true,"href":"https:\/\/hormigaradio.com\/index.php?rest_route=\/wp\/v2\/users\/3"}],"replies":[{"embeddable":true,"href":"https:\/\/hormigaradio.com\/index.php?rest_route=%2Fwp%2Fv2%2Fcomments&post=18915"}],"version-history":[{"count":1,"href":"https:\/\/hormigaradio.com\/index.php?rest_route=\/wp\/v2\/posts\/18915\/revisions"}],"predecessor-version":[{"id":18916,"href":"https:\/\/hormigaradio.com\/index.php?rest_route=\/wp\/v2\/posts\/18915\/revisions\/18916"}],"wp:attachment":[{"href":"https:\/\/hormigaradio.com\/index.php?rest_route=%2Fwp%2Fv2%2Fmedia&parent=18915"}],"wp:term":[{"taxonomy":"category","embeddable":true,"href":"https:\/\/hormigaradio.com\/index.php?rest_route=%2Fwp%2Fv2%2Fcategories&post=18915"},{"taxonomy":"post_tag","embeddable":true,"href":"https:\/\/hormigaradio.com\/index.php?rest_route=%2Fwp%2Fv2%2Ftags&post=18915"}],"curies":[{"name":"wp","href":"https:\/\/api.w.org\/{rel}","templated":true}]}}