{"id":18964,"date":"2023-09-26T02:46:04","date_gmt":"2023-09-26T02:46:04","guid":{"rendered":"https:\/\/hormigaradio.com\/?p=18964"},"modified":"2023-09-26T02:58:41","modified_gmt":"2023-09-26T02:58:41","slug":"en-buen-estado-de-salud-nina-habia-sido-raptada","status":"publish","type":"post","link":"https:\/\/hormigaradio.com\/?p=18964","title":{"rendered":"EN BUEN ESTADO DE SALUD, NI\u00d1A HAB\u00cdA SIDO RAPTADA"},"content":{"rendered":"<p><img loading=\"lazy\" class=\"alignnone wp-image-15152\" src=\"http:\/\/hormigaradio.com\/wp-content\/uploads\/2022\/01\/FIRMA-para-Hormiga-Radio-300x158.jpeg\" alt=\"\" width=\"80\" height=\"42\" \/><\/p>\n<p>La ni\u00f1a que habr\u00eda sido raptada el mediod\u00eda del lunes de la Maternidad Ren\u00e9 Klang De Guzm\u00e1n, en el Hospital Presidente Estrella Ure\u00f1a, en Santiago, fue localizada en el\u00a0 centro m\u00e9dico Rosa Cisneros de Profamilia, en esta ciudad. <strong>M\u00e1s detalles\u00a0 luego.<\/strong><\/p>\n<p><em><strong>Representante del Ministerio P\u00fablico, explica a familiares de la ni\u00f1a reptada, cual es el proceso que sigue.<\/strong><\/em><\/p>\n<div style=\"width: 715px;\" class=\"wp-video\"><!--[if lt IE 9]><script>document.createElement('video');<\/script><![endif]-->\n<video class=\"wp-video-shortcode\" id=\"video-18964-1\" width=\"715\" height=\"405\" preload=\"metadata\" controls=\"controls\"><source type=\"video\/mp4\" src=\"http:\/\/hormigaradio.com\/wp-content\/uploads\/2023\/09\/WhatsApp-Video-2023-09-25-at-10.32.29-PM.mp4?_=1\" \/><a href=\"http:\/\/hormigaradio.com\/wp-content\/uploads\/2023\/09\/WhatsApp-Video-2023-09-25-at-10.32.29-PM.mp4\">http:\/\/hormigaradio.com\/wp-content\/uploads\/2023\/09\/WhatsApp-Video-2023-09-25-at-10.32.29-PM.mp4<\/a><\/video><\/div>\n<p><em><strong>Adrian L\u00f3pez, padre de la ni\u00f1a.<\/strong><\/em><\/p>\n<div style=\"width: 480px;\" class=\"wp-video\"><video class=\"wp-video-shortcode\" id=\"video-18964-2\" width=\"480\" height=\"864\" preload=\"metadata\" controls=\"controls\"><source type=\"video\/mp4\" src=\"http:\/\/hormigaradio.com\/wp-content\/uploads\/2023\/09\/WhatsApp-Video-2023-09-25-at-10.32.30-PM.mp4?_=2\" \/><a href=\"http:\/\/hormigaradio.com\/wp-content\/uploads\/2023\/09\/WhatsApp-Video-2023-09-25-at-10.32.30-PM.mp4\">http:\/\/hormigaradio.com\/wp-content\/uploads\/2023\/09\/WhatsApp-Video-2023-09-25-at-10.32.30-PM.mp4<\/a><\/video><\/div>\n<p>Impactos: 63<\/p>","protected":false},"excerpt":{"rendered":"<p>La ni\u00f1a que habr\u00eda sido raptada el mediod\u00eda del lunes de la Maternidad Ren\u00e9 Klang De Guzm\u00e1n, en el Hospital Presidente Estrella Ure\u00f1a, en<\/p>\n","protected":false},"author":3,"featured_media":18971,"comment_status":"closed","ping_status":"closed","sticky":false,"template":"","format":"standard","meta":[],"categories":[3],"tags":[],"_links":{"self":[{"href":"https:\/\/hormigaradio.com\/index.php?rest_route=\/wp\/v2\/posts\/18964"}],"collection":[{"href":"https:\/\/hormigaradio.com\/index.php?rest_route=\/wp\/v2\/posts"}],"about":[{"href":"https:\/\/hormigaradio.com\/index.php?rest_route=\/wp\/v2\/types\/post"}],"author":[{"embeddable":true,"href":"https:\/\/hormigaradio.com\/index.php?rest_route=\/wp\/v2\/users\/3"}],"replies":[{"embeddable":true,"href":"https:\/\/hormigaradio.com\/index.php?rest_route=%2Fwp%2Fv2%2Fcomments&post=18964"}],"version-history":[{"count":3,"href":"https:\/\/hormigaradio.com\/index.php?rest_route=\/wp\/v2\/posts\/18964\/revisions"}],"predecessor-version":[{"id":18969,"href":"https:\/\/hormigaradio.com\/index.php?rest_route=\/wp\/v2\/posts\/18964\/revisions\/18969"}],"wp:featuredmedia":[{"embeddable":true,"href":"https:\/\/hormigaradio.com\/index.php?rest_route=\/wp\/v2\/media\/18971"}],"wp:attachment":[{"href":"https:\/\/hormigaradio.com\/index.php?rest_route=%2Fwp%2Fv2%2Fmedia&parent=18964"}],"wp:term":[{"taxonomy":"category","embeddable":true,"href":"https:\/\/hormigaradio.com\/index.php?rest_route=%2Fwp%2Fv2%2Fcategories&post=18964"},{"taxonomy":"post_tag","embeddable":true,"href":"https:\/\/hormigaradio.com\/index.php?rest_route=%2Fwp%2Fv2%2Ftags&post=18964"}],"curies":[{"name":"wp","href":"https:\/\/api.w.org\/{rel}","templated":true}]}}