{"id":18994,"date":"2023-09-29T14:06:44","date_gmt":"2023-09-29T14:06:44","guid":{"rendered":"https:\/\/hormigaradio.com\/?p=18994"},"modified":"2023-09-29T14:08:29","modified_gmt":"2023-09-29T14:08:29","slug":"unos-138-mil-perremeistas-votarian-en-santiago-en-primarias","status":"publish","type":"post","link":"https:\/\/hormigaradio.com\/?p=18994","title":{"rendered":"UNOS 138 MIL PERREME\u00cdSTAS VOTAR\u00cdAN EN SANTIAGO EN PRIMARIAS"},"content":{"rendered":"<figure><\/figure>\n<div class=\"extra-holder\">\n<p>Por\u00a0<span class=\"name font-700\"><a title=\"M\u00e1ximo Laureano\" href=\"https:\/\/acento.com.do\/autor\/mlaureano.html\">M\u00e1ximo Laureano<\/a><\/span><\/p>\n<div class=\"flex-container align-center\">La dirigencia del Partido Revolucionario Moderno <strong>(PRM) en Santiago,<\/strong>\u00a0anunci\u00f3 que, para el proceso de primarias pautados para el pr\u00f3ximo domingo 1 de octubre, unos 138 mil 715 inscritos tendr\u00e1n derecho al voto.<\/div>\n<\/div>\n<p>Seg\u00fan explic\u00f3\u00a0<strong>Andr\u00e9s Cueto Rosario<\/strong>, presidente municipal en Santiago, se habilitar\u00e1n 60 recintos electorales, donde funcionar\u00e1n 240 mesas de trabajos.<\/p>\n<p>&nbsp;<\/p>\n<div class=\"amp-hidden\"><\/div>\n<p><iframe class=\"i-amphtml-fill-content\" src=\"https:\/\/player.vimeo.com\/video\/869268491?title=0&amp;amp;byline=0#amp=1\" name=\"amp_iframe0\" frameborder=\"0\" sandbox=\"allow-scripts allow-same-origin\" data-mce-fragment=\"1\"><\/iframe><\/p>\n<p>&nbsp;<\/p>\n<p>En cuanto a la presencia de delegados, estos ser\u00e1n 480 y solo podr\u00e1n tener delegados los precandidatos presidenciales, es decir, el presidente de la Rep\u00fablica y precandidato,\u00a0<strong>Luis Abinader;<\/strong>\u00a0Ram\u00f3n Alburquerque, Guido G\u00f3mez Mazara y Delia Ortiz.<\/p>\n<p>En relaci\u00f3n a los aspirantes a regidores y regidoras en el municipio Santiago, 40 aspirantes competir\u00e1n en la Circunscripci\u00f3n n\u00famero 01, unos 13 precandidatos en la Circunscripci\u00f3n n\u00famero 02, y 35 en el Distrito n\u00famero 03.<\/p>\n<div class=\"banner-box\"><\/div>\n<p>Adem\u00e1s de\u00a0<strong>Andr\u00e9s Cueto Rosario<\/strong>, la mesa de la dirigencia local del\u00a0<strong>PRM<\/strong>, estuvo integrada por la profesora\u00a0<strong>Rosa Santos<\/strong>, presidenta provincial; Federico Reynoso, secretario general municipal; Enrique Romero, secretario general provincial, y Ulises Rodr\u00edguez, integrante de la Comisi\u00f3n Ejecutiva y precandidato a alcalde por Santiago.<\/p>\n<p>La dirigencia del\u00a0<strong>PRM<\/strong>\u00a0en Santiago llam\u00f3 a la militancia del a participar del proceso, del cual espera salir fortalecido en t\u00e9rmino democr\u00e1tico este 01 de octubre.<\/p>\n<p>En lo que tiene que ver con la escogencia de los aspirantes a la candidatura a la\u00a0<strong>Alcald\u00eda<\/strong>\u00a0y las diputaciones, ser\u00e1n electos el sistema de medici\u00f3n de firmas encuestadoras, en tanto que la candidatura a senador o senadora ha sido reservada por la dirigencia nacional del partido.<\/p>\n<p>Impactos: 72<\/p>","protected":false},"excerpt":{"rendered":"<p>Por\u00a0M\u00e1ximo Laureano La dirigencia del Partido Revolucionario Moderno (PRM) en Santiago,\u00a0anunci\u00f3 que, para el proceso de primarias pautados para el pr\u00f3ximo domingo 1 de<\/p>\n","protected":false},"author":3,"featured_media":18996,"comment_status":"closed","ping_status":"closed","sticky":false,"template":"","format":"standard","meta":[],"categories":[6],"tags":[],"_links":{"self":[{"href":"https:\/\/hormigaradio.com\/index.php?rest_route=\/wp\/v2\/posts\/18994"}],"collection":[{"href":"https:\/\/hormigaradio.com\/index.php?rest_route=\/wp\/v2\/posts"}],"about":[{"href":"https:\/\/hormigaradio.com\/index.php?rest_route=\/wp\/v2\/types\/post"}],"author":[{"embeddable":true,"href":"https:\/\/hormigaradio.com\/index.php?rest_route=\/wp\/v2\/users\/3"}],"replies":[{"embeddable":true,"href":"https:\/\/hormigaradio.com\/index.php?rest_route=%2Fwp%2Fv2%2Fcomments&post=18994"}],"version-history":[{"count":1,"href":"https:\/\/hormigaradio.com\/index.php?rest_route=\/wp\/v2\/posts\/18994\/revisions"}],"predecessor-version":[{"id":18995,"href":"https:\/\/hormigaradio.com\/index.php?rest_route=\/wp\/v2\/posts\/18994\/revisions\/18995"}],"wp:featuredmedia":[{"embeddable":true,"href":"https:\/\/hormigaradio.com\/index.php?rest_route=\/wp\/v2\/media\/18996"}],"wp:attachment":[{"href":"https:\/\/hormigaradio.com\/index.php?rest_route=%2Fwp%2Fv2%2Fmedia&parent=18994"}],"wp:term":[{"taxonomy":"category","embeddable":true,"href":"https:\/\/hormigaradio.com\/index.php?rest_route=%2Fwp%2Fv2%2Fcategories&post=18994"},{"taxonomy":"post_tag","embeddable":true,"href":"https:\/\/hormigaradio.com\/index.php?rest_route=%2Fwp%2Fv2%2Ftags&post=18994"}],"curies":[{"name":"wp","href":"https:\/\/api.w.org\/{rel}","templated":true}]}}