{"id":18997,"date":"2023-09-29T14:31:38","date_gmt":"2023-09-29T14:31:38","guid":{"rendered":"https:\/\/hormigaradio.com\/?p=18997"},"modified":"2023-09-29T14:38:11","modified_gmt":"2023-09-29T14:38:11","slug":"celebran-dos-decadas-labor-social-programa-ninos-con-una-esperanza-cienfuegos-santiago","status":"publish","type":"post","link":"https:\/\/hormigaradio.com\/?p=18997","title":{"rendered":"CELEBRAN DOS D\u00c9CADAS LABOR SOCIAL PROGRAMA &#8220;NI\u00d1OS CON UNA ESPERANZA&#8221; CIENFUEGOS SANTIAGO"},"content":{"rendered":"<p><img loading=\"lazy\" class=\"alignnone wp-image-15152\" src=\"http:\/\/hormigaradio.com\/wp-content\/uploads\/2022\/01\/FIRMA-para-Hormiga-Radio-300x158.jpeg\" alt=\"\" width=\"80\" height=\"42\" \/><\/p>\n<p>En un acto en que reconoci\u00f3 y agradeci\u00f3 a periodistas, comunicadores, l\u00edderes cristianos, empresarios, y padres que han respaldado la obra, el programa Ni\u00f1os con una Esperanza celebr\u00f3 20 a\u00f1os de erigirse en las entra\u00f1as del barrio Santa Luc\u00eda, distrito municipal Santiago Oeste.<\/p>\n<p>La organizaci\u00f3n pro ni\u00f1ez, que naci\u00f3 como un ala de servicio del Ministerio Evang\u00e9lico Tiempo Decisivo, convid\u00f3 al encuentro de celebraci\u00f3n a autoridades del distrito y la provincia, as\u00ed como a estudiantes egresados de sus salones; una muestra del fruto que ha cosechado el programa en estas dos d\u00e9cadas.<\/p>\n<p>Los protagonistas, ni\u00f1os y ni\u00f1as que son parte del programa, tambi\u00e9n estuvieron en la celebraci\u00f3n.<\/p>\n<p>En sus palabras centrales, el presidente de la instituci\u00f3n, el pastor Pablo Ure\u00f1a, hizo un recuento del camino recorrido hasta la fecha. Visiblemente emocionado, reiter\u00f3 que los ni\u00f1os son la raz\u00f3n de la existencia de Ni\u00f1os con una Esperanza, &#8220;ellos son la raz\u00f3n por la que Dios nos trajo a este lugar&#8221;, expres\u00f3, seguro de que Dios ha respaldado la obra.<\/p>\n<p>&#8220;Este reconocimiento que entregamos con el coraz\u00f3n, era una deuda que ten\u00edamos que saldar con todos ustedes por el trabajo, apoyo que\u00a0 periodistas, los empresarios, nuestros hermanos en la fe han dado a este programa, por su sensibilidad con estos temas&#8221;, dijo el presidente del organismo al entregar un pergamino a los reconocidos.<\/p>\n<p><img loading=\"lazy\" class=\"alignnone wp-image-19001 size-large\" src=\"http:\/\/hormigaradio.com\/wp-content\/uploads\/2023\/09\/WhatsApp-Image-2023-09-29-at-11.25.26-1024x684.jpeg\" alt=\"\" width=\"715\" height=\"478\" srcset=\"https:\/\/hormigaradio.com\/wp-content\/uploads\/2023\/09\/WhatsApp-Image-2023-09-29-at-11.25.26-1024x684.jpeg 1024w, https:\/\/hormigaradio.com\/wp-content\/uploads\/2023\/09\/WhatsApp-Image-2023-09-29-at-11.25.26-300x200.jpeg 300w, https:\/\/hormigaradio.com\/wp-content\/uploads\/2023\/09\/WhatsApp-Image-2023-09-29-at-11.25.26-768x513.jpeg 768w, https:\/\/hormigaradio.com\/wp-content\/uploads\/2023\/09\/WhatsApp-Image-2023-09-29-at-11.25.26.jpeg 1280w\" sizes=\"(max-width: 715px) 100vw, 715px\" \/><\/p>\n<p>&#8220;Hoy vivimos un momento sensacional, recordar dos d\u00e9cadas da nostalgia pero a la vez alegr\u00eda y esperanza. Agradecemos tu gesto y amor por nuestros ni\u00f1os&#8221;, expres\u00f3.<\/p>\n<p>El t\u00edmido apoyo de los gobiernos no ha sido obst\u00e1culo para que la organizaci\u00f3n se mantenga en pie, ya que su fe en Dios ha sido determinante para que permaneza fime. &#8220;Pero nuestra esperanza es que un d\u00eda esto cambie y nuestra ni\u00f1ez sea m\u00e1s tomada en cuenta desde el Estado&#8221;, dijo Pablo Ure\u00f1a.<\/p>\n<p>Sin embargo, extern\u00f3 su agradecimiento a los funcionarios que de manera particular se han identificado con la causa y han estado siempre presente.<\/p>\n<p>&#8220;Dios ha movido el coraz\u00f3n de instituciones y personas que han cre\u00eddo en este trabajo y nos han dado su apoyo&#8221;, acot\u00f3.<\/p>\n<p>Al evento, realizado en las instalaciones de la organizaci\u00f3n, acudi\u00f3 un connotado grupo de\u00a0 periodistas y comunicadores, en nombre de los cuales expres\u00f3 unas palabras la reportera de Telemicro, Yenny Acevedo, quien ha puesto al servicio de la comunidad impactada por la instituci\u00f3n, su pluma sensible en el ejercicio period\u00edstico.<\/p>\n<p>La periodista, agradeci\u00f3 a Ure\u00f1a y a su esposa, Elizabeth Ram\u00edrez, su amor y desprendimiento por la ni\u00f1ez del distrito y todo el pa\u00eds.<\/p>\n<p>En la apertura de la celebraci\u00f3n la egresada del programa y actualmente colaboradora del mismo, G\u00e9nesis Marte, interpret\u00f3, a ritmo del saxof\u00f3n, la pieza instrumental &#8220;Ya no soy esclavo&#8221;.<\/p>\n<p>Sin discursos rebuscados, sino brotados de expresiones genuinas, agotaron un turno frente al micr\u00f3fono la egresada del programa, actualmente estudiante de t\u00e9rmino de la licenciatura en Educaci\u00f3n Inicial, Carmen Rosa Flete; as\u00ed como el empresario y comunicador Marcos \u00c1lvarez, un brazo que ha sido soporte para el programa.<\/p>\n<p>En nombre de las madres y padres del programa, tambi\u00e9n hizo uso de un breve discurso la se\u00f1ora Esther Ram\u00edrez.<\/p>\n<p><strong>Un poco de historia<\/strong><\/p>\n<p><img loading=\"lazy\" class=\"alignnone wp-image-19002 size-large\" src=\"http:\/\/hormigaradio.com\/wp-content\/uploads\/2023\/09\/WhatsApp-Image-2023-09-29-at-11.25.25-1024x685.jpeg\" alt=\"\" width=\"715\" height=\"478\" srcset=\"https:\/\/hormigaradio.com\/wp-content\/uploads\/2023\/09\/WhatsApp-Image-2023-09-29-at-11.25.25-1024x685.jpeg 1024w, https:\/\/hormigaradio.com\/wp-content\/uploads\/2023\/09\/WhatsApp-Image-2023-09-29-at-11.25.25-300x201.jpeg 300w, https:\/\/hormigaradio.com\/wp-content\/uploads\/2023\/09\/WhatsApp-Image-2023-09-29-at-11.25.25-768x514.jpeg 768w, https:\/\/hormigaradio.com\/wp-content\/uploads\/2023\/09\/WhatsApp-Image-2023-09-29-at-11.25.25.jpeg 1280w\" sizes=\"(max-width: 715px) 100vw, 715px\" \/><\/p>\n<p>Ni\u00f1os con una Esperanza surge en el a\u00f1o 2003 del deseo de los pastores Pablo Ure\u00f1a y Elizabeth Ram\u00edrez de restituir los derechos que se desprend\u00edan a ni\u00f1os, ni\u00f1as y adolescentes en Cienfuegos.<\/p>\n<p>Un peque\u00f1o terreno de 50 metros ha crecido hoy a 3,500 metros de construcci\u00f3n en los que se extienden las distintas \u00e1reas y servicios como la Guarder\u00eda La Esperanza, la Escuela T\u00e9cnica Vocacional, salas de tarea, salas de internet, \u00e1rea recreativa, comedor, iglesia, cancha deportiva, entre otros espacios.<\/p>\n<p>La instituci\u00f3n se convirti\u00f3, adem\u00e1s, en vocera de la poblaci\u00f3n vulnerable, y en alta voz denunciante de la apat\u00eda estatal que sum\u00eda a sus habitantes a convivir sin servicios de agua potable y energ\u00eda el\u00e9ctrica.<\/p>\n<p>La permanencia del programa ha sido posible por el soporte que en alg\u00fan momento ofrecieron organismos como la Organizaci\u00f3n Internacional del Trabajo (OIT), Fun Global for Children, y desde hace 12 a\u00f1os Trans Mountain Projetc.<\/p>\n<p>En terreno local han sido apoyos clave Educa, y han trabajado en conjunto en denunciar a proxenetas y otros abusadores el N\u00facleo de Apoyo a la Mujer y Acci\u00f3n Callejera.<\/p>\n<p>A la fecha la organizaci\u00f3n ha impactado la vida de m\u00e1s de 2,000 ni\u00f1os que hoy son adultos,\u00a0 profesionales en numerosas \u00e1reas, incluyendo la medicina.<\/p>\n<p>Impactos: 66<\/p>","protected":false},"excerpt":{"rendered":"<p>En un acto en que reconoci\u00f3 y agradeci\u00f3 a periodistas, comunicadores, l\u00edderes cristianos, empresarios, y padres que han respaldado la obra, el programa Ni\u00f1os<\/p>\n","protected":false},"author":3,"featured_media":18999,"comment_status":"closed","ping_status":"closed","sticky":false,"template":"","format":"standard","meta":[],"categories":[3],"tags":[],"_links":{"self":[{"href":"https:\/\/hormigaradio.com\/index.php?rest_route=\/wp\/v2\/posts\/18997"}],"collection":[{"href":"https:\/\/hormigaradio.com\/index.php?rest_route=\/wp\/v2\/posts"}],"about":[{"href":"https:\/\/hormigaradio.com\/index.php?rest_route=\/wp\/v2\/types\/post"}],"author":[{"embeddable":true,"href":"https:\/\/hormigaradio.com\/index.php?rest_route=\/wp\/v2\/users\/3"}],"replies":[{"embeddable":true,"href":"https:\/\/hormigaradio.com\/index.php?rest_route=%2Fwp%2Fv2%2Fcomments&post=18997"}],"version-history":[{"count":3,"href":"https:\/\/hormigaradio.com\/index.php?rest_route=\/wp\/v2\/posts\/18997\/revisions"}],"predecessor-version":[{"id":19003,"href":"https:\/\/hormigaradio.com\/index.php?rest_route=\/wp\/v2\/posts\/18997\/revisions\/19003"}],"wp:featuredmedia":[{"embeddable":true,"href":"https:\/\/hormigaradio.com\/index.php?rest_route=\/wp\/v2\/media\/18999"}],"wp:attachment":[{"href":"https:\/\/hormigaradio.com\/index.php?rest_route=%2Fwp%2Fv2%2Fmedia&parent=18997"}],"wp:term":[{"taxonomy":"category","embeddable":true,"href":"https:\/\/hormigaradio.com\/index.php?rest_route=%2Fwp%2Fv2%2Fcategories&post=18997"},{"taxonomy":"post_tag","embeddable":true,"href":"https:\/\/hormigaradio.com\/index.php?rest_route=%2Fwp%2Fv2%2Ftags&post=18997"}],"curies":[{"name":"wp","href":"https:\/\/api.w.org\/{rel}","templated":true}]}}