{"id":19112,"date":"2023-10-25T19:09:02","date_gmt":"2023-10-25T19:09:02","guid":{"rendered":"https:\/\/hormigaradio.com\/?p=19112"},"modified":"2023-10-25T19:09:02","modified_gmt":"2023-10-25T19:09:02","slug":"gobierno-no-pagara-por-terrenos-adicionales-para-construccion-de-parque-ecologico-papa-francisco","status":"publish","type":"post","link":"https:\/\/hormigaradio.com\/?p=19112","title":{"rendered":"GOBIERNO NO PAGAR\u00c1 POR TERRENOS ADICIONALES PARA CONSTRUCCI\u00d3N DE PARQUE ECOL\u00d3GICO PAPA FRANCISCO"},"content":{"rendered":"<figure>Por <span class=\"name font-700\"><a title=\"M\u00e1ximo Laureano\" href=\"https:\/\/acento.com.do\/autor\/mlaureano.html\">M\u00e1ximo Laureano<\/a><\/span><\/figure>\n<div class=\"extra-holder\">\n<div class=\"flex-container align-center\">El presidente de la Rep\u00fablica, <strong>Luis Abinader<\/strong>, afirm\u00f3 que se est\u00e1 en un proceso de evaluaci\u00f3n de unos terrenos, los cuales, la Iglesia cat\u00f3lica y un sector empresarial de Santiago habr\u00edan sugerido declarar de utilidad p\u00fablica con la finalidad de construir el Parque Ecol\u00f3gico Papa Francisco.<\/div>\n<\/div>\n<p>Seg\u00fan detall\u00f3 el mandatario, en\u00a0<strong>La Semanal<\/strong>\u00a0de este lunes, en el\u00a0<strong>Palacio Nacional<\/strong>, la propuesta era declarar de utilidad p\u00fablica unos terrenos que ser\u00edan donados por empresarios, pero que, al parecer, se han agregado otros terrenos que son privados, por los que tendr\u00edan que ser adquiridos por el Gobierno.<\/p>\n<p>En ese sentido, el presidente<strong>\u00a0Abinader<\/strong>\u00a0explic\u00f3 que se hace una evaluaci\u00f3n del caso, para lo cual fue encargado al Ministerio de\u00a0<strong>Medio Ambiente<\/strong>, aunque adelant\u00f3 que el Gobierno no est\u00e1 interesado en comprar esos terrenos.<\/p>\n<p>Al ser preguntado sobre el tema, el mandatario detall\u00f3 que los t\u00e9cnicos de Medio Ambiente ser\u00e1n los responsables de presentar un informe al respecto.<\/p>\n<p>Se trata de unos terrenos 244,505.25 metros cuadrados que est\u00e1n ubicados en los alrededores del proyecto\u00a0<strong>Gran Hotel Cibao<\/strong>, ubicados en la parte Este de Santiago, en la zona que limita con los municipios Pu\u00f1al y Licey al Medio. Dichos terrenos fueron declarados de utilidad p\u00fablica, mediante el decreto 55-22 de febrero del 2022.<\/p>\n<p>\u201cUn grupo de empresarios, incluso la Iglesia cat\u00f3lica, nos pidi\u00f3 declarar de utilidad p\u00fablica, ya que eran propietarios que los estaban donando. Eso lo mandamos a\u00a0<strong>Medio Ambiente<\/strong>, y se est\u00e1n haciendo las investigaciones de lugar, porque parece que hay unos terrenos adyacentes que no eran donados y el Gobierno, si bien lo declara de utilidad p\u00fablica, no estamos dispuestos a pagar, as\u00ed que vamos a esperar que Medio Ambiente determine hasta d\u00f3nde llegar\u00eda el parque\u201d, explic\u00f3 el presidente Luis Abinader en su comparecencia en La Semanal.<\/p>\n<div class=\"banner-box\"><\/div>\n<div class=\"cont-tags\"><\/div>\n<p>Impactos: 40<\/p>","protected":false},"excerpt":{"rendered":"<p>Por M\u00e1ximo Laureano El presidente de la Rep\u00fablica, Luis Abinader, afirm\u00f3 que se est\u00e1 en un proceso de evaluaci\u00f3n de unos terrenos, los cuales,<\/p>\n","protected":false},"author":3,"featured_media":19100,"comment_status":"closed","ping_status":"closed","sticky":false,"template":"","format":"standard","meta":[],"categories":[3],"tags":[],"_links":{"self":[{"href":"https:\/\/hormigaradio.com\/index.php?rest_route=\/wp\/v2\/posts\/19112"}],"collection":[{"href":"https:\/\/hormigaradio.com\/index.php?rest_route=\/wp\/v2\/posts"}],"about":[{"href":"https:\/\/hormigaradio.com\/index.php?rest_route=\/wp\/v2\/types\/post"}],"author":[{"embeddable":true,"href":"https:\/\/hormigaradio.com\/index.php?rest_route=\/wp\/v2\/users\/3"}],"replies":[{"embeddable":true,"href":"https:\/\/hormigaradio.com\/index.php?rest_route=%2Fwp%2Fv2%2Fcomments&post=19112"}],"version-history":[{"count":1,"href":"https:\/\/hormigaradio.com\/index.php?rest_route=\/wp\/v2\/posts\/19112\/revisions"}],"predecessor-version":[{"id":19113,"href":"https:\/\/hormigaradio.com\/index.php?rest_route=\/wp\/v2\/posts\/19112\/revisions\/19113"}],"wp:featuredmedia":[{"embeddable":true,"href":"https:\/\/hormigaradio.com\/index.php?rest_route=\/wp\/v2\/media\/19100"}],"wp:attachment":[{"href":"https:\/\/hormigaradio.com\/index.php?rest_route=%2Fwp%2Fv2%2Fmedia&parent=19112"}],"wp:term":[{"taxonomy":"category","embeddable":true,"href":"https:\/\/hormigaradio.com\/index.php?rest_route=%2Fwp%2Fv2%2Fcategories&post=19112"},{"taxonomy":"post_tag","embeddable":true,"href":"https:\/\/hormigaradio.com\/index.php?rest_route=%2Fwp%2Fv2%2Ftags&post=19112"}],"curies":[{"name":"wp","href":"https:\/\/api.w.org\/{rel}","templated":true}]}}