{"id":19122,"date":"2023-10-27T11:03:49","date_gmt":"2023-10-27T11:03:49","guid":{"rendered":"https:\/\/hormigaradio.com\/?p=19122"},"modified":"2023-10-27T11:03:49","modified_gmt":"2023-10-27T11:03:49","slug":"asociacion-cibao-capacita-a-representantes-asfl-en-efectividad-organizacional","status":"publish","type":"post","link":"https:\/\/hormigaradio.com\/?p=19122","title":{"rendered":"ASOCIACI\u00d3N CIBAO CAPACITA A REPRESENTANTES ASFL EN EFECTIVIDAD ORGANIZACIONAL"},"content":{"rendered":"<p dir=\"ltr\"><img loading=\"lazy\" class=\"alignnone wp-image-15152\" src=\"http:\/\/hormigaradio.com\/wp-content\/uploads\/2022\/01\/FIRMA-para-Hormiga-Radio-300x158.jpeg\" alt=\"\" width=\"80\" height=\"42\" \/><\/p>\n<p dir=\"ltr\">La Asociaci\u00f3n Cibao de Ahorros y Pr\u00e9stamos (ACAP) en alianza con el Instituto Tecnol\u00f3gico de Santo Domingo (Intec), culminaron el diplomado \u201cEfectividad organizacional para entidades sin fines de lucro\u201d, con la graduaci\u00f3n de 116 representantes de ASFL.<\/p>\n<p dir=\"ltr\"><img loading=\"lazy\" class=\"alignright wp-image-19124 size-large\" src=\"http:\/\/hormigaradio.com\/wp-content\/uploads\/2023\/10\/Yara-Herna\u0301ndez-gerente-de-Comunicaciones-y-Sostenibilidad-octubre-2023-1024x682.jpg\" alt=\"\" width=\"715\" height=\"476\" srcset=\"https:\/\/hormigaradio.com\/wp-content\/uploads\/2023\/10\/Yara-Herna\u0301ndez-gerente-de-Comunicaciones-y-Sostenibilidad-octubre-2023-1024x682.jpg 1024w, https:\/\/hormigaradio.com\/wp-content\/uploads\/2023\/10\/Yara-Herna\u0301ndez-gerente-de-Comunicaciones-y-Sostenibilidad-octubre-2023-300x200.jpg 300w, https:\/\/hormigaradio.com\/wp-content\/uploads\/2023\/10\/Yara-Herna\u0301ndez-gerente-de-Comunicaciones-y-Sostenibilidad-octubre-2023-768x512.jpg 768w, https:\/\/hormigaradio.com\/wp-content\/uploads\/2023\/10\/Yara-Herna\u0301ndez-gerente-de-Comunicaciones-y-Sostenibilidad-octubre-2023-1536x1024.jpg 1536w, https:\/\/hormigaradio.com\/wp-content\/uploads\/2023\/10\/Yara-Herna\u0301ndez-gerente-de-Comunicaciones-y-Sostenibilidad-octubre-2023.jpg 2000w\" sizes=\"(max-width: 715px) 100vw, 715px\" \/><\/p>\n<p dir=\"ltr\"><strong>Yara Hern\u00e1ndez, gerente de Comunicaciones y Sostenibilidad,<\/strong> destac\u00f3 que uno de los pilares fundamentales de los programas de inversi\u00f3n social de ACAP es la formaci\u00f3n y capacitaci\u00f3n de los representantes de las entidades sin \u00e1nimo de lucro, con el objetivo de que puedan mejorar la ejecuci\u00f3n de sus proyectos, el funcionamiento institucional y la eficiencia operativa de sus organizaciones.<\/p>\n<p dir=\"ltr\">Este diplomado que fue desarrollado en formato virtual y presencial, dio cabida a un total de 95 ASFL participantes, con 61 representantes en el grupo virtual y 55 en el grupo presencial, con un programa enfocado en capacitar a colaboradores del \u00e1rea administrativa de estas entidades.<\/p>\n<p dir=\"ltr\">Los m\u00f3dulos impartidos abarcaron los temas de liderazgo, gerencia, planificaci\u00f3n estrat\u00e9gica, monitoreo y control del desempe\u00f1o organizacional, trabajo en equipo, comunicaciones y proyectos pr\u00e1cticos de optimizaci\u00f3n organizacional.<\/p>\n<p dir=\"ltr\">Esta capacitaci\u00f3n forma parte de la estrategia de fortalecimiento de capacidades de las ASFL de la Asociaci\u00f3n Cibao, que desde 2019 ha graduado a m\u00e1s de 300 ejecutivos de estas organizaciones, habiendo colaborado con INTEC y el Centro de Innovaci\u00f3n y Capacitaci\u00f3n Profesional (CAPEX) en a\u00f1os anteriores.<\/p>\n<p dir=\"ltr\">Durante esta ceremonia, tambi\u00e9n se hizo entrega de los certificados del taller \u201cTransparencia, rendici\u00f3n de cuentas y obligaciones fiscales y administrativas de las ASFL\u201d, una iniciativa que se incluy\u00f3 este a\u00f1o en el cat\u00e1logo formativo para ganadores del programa de Fondos Concursables de Asociaci\u00f3n Cibao.<\/p>\n<p dir=\"ltr\">Adem\u00e1s de los diplomados, la Asociaci\u00f3n Cibao apoya el desarrollo de las ASFL mediante otras actividades formativas como lo son: los conversatorios en formato virtual y presencial, los talleres de elaboraci\u00f3n de proyectos sociales, que son el pre\u00e1mbulo del programa de los Fondos Concursables y pr\u00f3ximamente, con el Laboratorio de Innovaci\u00f3n Social.<\/p>\n<p dir=\"ltr\">Los 116 graduandos de este diplomado son representantes de entidades localizadas en 20 ciudades del pa\u00eds, entre estas: Bahoruco, Ban\u00ed, Barahona, Bonao, El Seibo, La Romana, Monte Plata, Montecristi, San Crist\u00f3bal, San Francisco de Macor\u00eds, San Pedro de Macor\u00eds, Tenares, Nagua, Saman\u00e1, adem\u00e1s de Santo Domingo y Santiago.<\/p>\n<p>&nbsp;<\/p>\n<p>Impactos: 55<\/p>","protected":false},"excerpt":{"rendered":"<p>La Asociaci\u00f3n Cibao de Ahorros y Pr\u00e9stamos (ACAP) en alianza con el Instituto Tecnol\u00f3gico de Santo Domingo (Intec), culminaron el diplomado \u201cEfectividad organizacional para<\/p>\n","protected":false},"author":3,"featured_media":19123,"comment_status":"closed","ping_status":"closed","sticky":false,"template":"","format":"standard","meta":[],"categories":[3],"tags":[],"_links":{"self":[{"href":"https:\/\/hormigaradio.com\/index.php?rest_route=\/wp\/v2\/posts\/19122"}],"collection":[{"href":"https:\/\/hormigaradio.com\/index.php?rest_route=\/wp\/v2\/posts"}],"about":[{"href":"https:\/\/hormigaradio.com\/index.php?rest_route=\/wp\/v2\/types\/post"}],"author":[{"embeddable":true,"href":"https:\/\/hormigaradio.com\/index.php?rest_route=\/wp\/v2\/users\/3"}],"replies":[{"embeddable":true,"href":"https:\/\/hormigaradio.com\/index.php?rest_route=%2Fwp%2Fv2%2Fcomments&post=19122"}],"version-history":[{"count":1,"href":"https:\/\/hormigaradio.com\/index.php?rest_route=\/wp\/v2\/posts\/19122\/revisions"}],"predecessor-version":[{"id":19125,"href":"https:\/\/hormigaradio.com\/index.php?rest_route=\/wp\/v2\/posts\/19122\/revisions\/19125"}],"wp:featuredmedia":[{"embeddable":true,"href":"https:\/\/hormigaradio.com\/index.php?rest_route=\/wp\/v2\/media\/19123"}],"wp:attachment":[{"href":"https:\/\/hormigaradio.com\/index.php?rest_route=%2Fwp%2Fv2%2Fmedia&parent=19122"}],"wp:term":[{"taxonomy":"category","embeddable":true,"href":"https:\/\/hormigaradio.com\/index.php?rest_route=%2Fwp%2Fv2%2Fcategories&post=19122"},{"taxonomy":"post_tag","embeddable":true,"href":"https:\/\/hormigaradio.com\/index.php?rest_route=%2Fwp%2Fv2%2Ftags&post=19122"}],"curies":[{"name":"wp","href":"https:\/\/api.w.org\/{rel}","templated":true}]}}