{"id":19126,"date":"2023-10-29T16:10:38","date_gmt":"2023-10-29T16:10:38","guid":{"rendered":"https:\/\/hormigaradio.com\/?p=19126"},"modified":"2023-10-29T16:16:03","modified_gmt":"2023-10-29T16:16:03","slug":"vicepresidenta-raquel-pena-inaugura-varias-obras-bonao-provincia-monsenor-nouel","status":"publish","type":"post","link":"https:\/\/hormigaradio.com\/?p=19126","title":{"rendered":"VICEPRESIDENTA RAQUEL PE\u00d1A INAUGURA VARIAS OBRAS BONAO PROVINCIA MONSE\u00d1OR NOUEL"},"content":{"rendered":"<p>Por\u00a0<span class=\"name font-700\"><a title=\"M\u00e1ximo Laureano\" href=\"https:\/\/acento.com.do\/autor\/mlaureano.html\">M\u00e1ximo Laureano<\/a><\/span><\/p>\n<p>La vicepresidenta de la Rep\u00fablica,\u00a0<strong>Raquel Pe\u00f1a Rodr\u00edguez<\/strong>, agot\u00f3 una agenda de actividades en el municipio\u00a0<strong>Bonao,<\/strong>\u00a0provincia\u00a0<strong>Monse\u00f1or Nouel<\/strong>, donde inaugur\u00f3 varias obras y se reuni\u00f3 con acad\u00e9micos y docentes de esta localidad.<\/p>\n<p>La agenda de la vicepresidenta incluy\u00f3 la apertura del Centro de Atenci\u00f3n Integral a la Infancia y la Familia\u00a0<strong>(CAFI)<\/strong>\u00a0instalado en el Centro Universitario Regional del Cibao Central (<strong>Curce-UASD<\/strong>), que integrar\u00e1 a 170 infantes, hijos de las estudiantes universitarias.<\/p>\n<p>Al referirse a esta obra, la vicemandataria expres\u00f3 que forma parte del plan nacional de ampliaci\u00f3n de cobertura de la protecci\u00f3n a la primera infancia que desarrolla la gesti\u00f3n que representa el presidente\u00a0<strong>Luis Abinader.<\/strong><\/p>\n<p>\u201cEl inter\u00e9s del Gobierno es incluir a una importante cantidad de ni\u00f1os y familias que esperan por los servicios que se ofrecen bajo el modelo de atenci\u00f3n del Instituto Nacional de Atenci\u00f3n Integral a la Primera Infancia\u00a0<strong>(Inaipi)<\/strong>\u201d<strong>,<\/strong>\u00a0manifest\u00f3.<\/p>\n<p>La vicepresidenta tambi\u00e9n encabez\u00f3 el acto de inauguraci\u00f3n del estadio de b\u00e9isbol Bebecito Del Villar, el cual beneficiar\u00e1 a miles de ni\u00f1os y adolescentes en\u00a0<strong>Bonao.<\/strong><\/p>\n<p>La instalaci\u00f3n deportiva contempla una inversi\u00f3n total de RD$ 99 millones, abarcando los 12,300 metros cuadrados de construcci\u00f3n y con capacidad para 1,837 personas en los asientos del estadio.<\/p>\n<div class=\"banner-box\"><\/div>\n<p>\u201cCada estadio, cada cancha y polideportivo que entregamos es una oportunidad para nuestra juventud desarrollarse sanamente e integrarse a la comunidad\u201d, puntualiz\u00f3.<\/p>\n<p>Carlos Bonilla S\u00e1nchez, ministro de Viviendas y Edificaciones, indic\u00f3 que la construcci\u00f3n de este campo de b\u00e9isbol, comenz\u00f3 en 2013 y solo avanz\u00f3 un 25 % hasta que fue retomada en diciembre del 2022 y que en menos de un a\u00f1o ya se est\u00e1 haciendo entrega.<\/p>\n<p>\u201cEsta obra es emblem\u00e1tica para nosotros, porque estamos atendiendo la necesidad de los vecinos, ni\u00f1os y j\u00f3venes peloteros que esperaron por este terreno por m\u00e1s de 10 a\u00f1os\u201d, resalt\u00f3.<\/p>\n<p>La vicepresidenta tambi\u00e9n dej\u00f3 inauguradas otras obras del \u00e1rea deportiva en la zona de la provincia\u00a0<strong>Monse\u00f1or Nouel<\/strong>.<\/p>\n<p>La jornada de la vicepresidenta concluy\u00f3 con encuentro con el Consejo Acad\u00e9mico y el cuerpo docente de la Universidad Adventista Dominicana, en el que manifest\u00f3 que los proyectos implementados por esta entidad en las \u00e1reas de educaci\u00f3n, desarrollo econ\u00f3mico, enfermer\u00eda, salud mental y agricultura sostenible demuestran el compromiso de la casa de altos estudios en la b\u00fasqueda de soluciones para el beneficio colectivo.<\/p>\n<p>Impactos: 57<\/p>","protected":false},"excerpt":{"rendered":"<p>Por\u00a0M\u00e1ximo Laureano La vicepresidenta de la Rep\u00fablica,\u00a0Raquel Pe\u00f1a Rodr\u00edguez, agot\u00f3 una agenda de actividades en el municipio\u00a0Bonao,\u00a0provincia\u00a0Monse\u00f1or Nouel, donde inaugur\u00f3 varias obras y se<\/p>\n","protected":false},"author":3,"featured_media":19128,"comment_status":"closed","ping_status":"closed","sticky":false,"template":"","format":"standard","meta":[],"categories":[3],"tags":[],"_links":{"self":[{"href":"https:\/\/hormigaradio.com\/index.php?rest_route=\/wp\/v2\/posts\/19126"}],"collection":[{"href":"https:\/\/hormigaradio.com\/index.php?rest_route=\/wp\/v2\/posts"}],"about":[{"href":"https:\/\/hormigaradio.com\/index.php?rest_route=\/wp\/v2\/types\/post"}],"author":[{"embeddable":true,"href":"https:\/\/hormigaradio.com\/index.php?rest_route=\/wp\/v2\/users\/3"}],"replies":[{"embeddable":true,"href":"https:\/\/hormigaradio.com\/index.php?rest_route=%2Fwp%2Fv2%2Fcomments&post=19126"}],"version-history":[{"count":1,"href":"https:\/\/hormigaradio.com\/index.php?rest_route=\/wp\/v2\/posts\/19126\/revisions"}],"predecessor-version":[{"id":19127,"href":"https:\/\/hormigaradio.com\/index.php?rest_route=\/wp\/v2\/posts\/19126\/revisions\/19127"}],"wp:featuredmedia":[{"embeddable":true,"href":"https:\/\/hormigaradio.com\/index.php?rest_route=\/wp\/v2\/media\/19128"}],"wp:attachment":[{"href":"https:\/\/hormigaradio.com\/index.php?rest_route=%2Fwp%2Fv2%2Fmedia&parent=19126"}],"wp:term":[{"taxonomy":"category","embeddable":true,"href":"https:\/\/hormigaradio.com\/index.php?rest_route=%2Fwp%2Fv2%2Fcategories&post=19126"},{"taxonomy":"post_tag","embeddable":true,"href":"https:\/\/hormigaradio.com\/index.php?rest_route=%2Fwp%2Fv2%2Ftags&post=19126"}],"curies":[{"name":"wp","href":"https:\/\/api.w.org\/{rel}","templated":true}]}}