{"id":19194,"date":"2023-11-07T19:50:58","date_gmt":"2023-11-07T19:50:58","guid":{"rendered":"https:\/\/hormigaradio.com\/?p=19194"},"modified":"2023-11-07T19:51:31","modified_gmt":"2023-11-07T19:51:31","slug":"edenorte-reforesta-area-protegida-jardin-botanico-eugenio-de-jesus-marcano","status":"publish","type":"post","link":"https:\/\/hormigaradio.com\/?p=19194","title":{"rendered":"EDENORTE REFORESTA \u00c1REA PROTEGIDA JARD\u00cdN BOT\u00c1NICO EUGENIO DE JES\u00daS MARCANO"},"content":{"rendered":"<p><img loading=\"lazy\" class=\"alignnone wp-image-15152\" src=\"http:\/\/hormigaradio.com\/wp-content\/uploads\/2022\/01\/FIRMA-para-Hormiga-Radio-300x158.jpeg\" alt=\"\" width=\"80\" height=\"42\" \/><\/p>\n<p style=\"font-weight: 400;\">Edenorte Dominicana S.A. a trav\u00e9s de su unidad de Responsabilidad Social realiz\u00f3 una jornada de siembra en el jard\u00edn Bot\u00e1nico Dr. Eugenio de Jes\u00fas Marcano, donde fueron plantadas decenas de \u00e1rboles de distintas especies.<\/p>\n<p style=\"font-weight: 400;\">La jornada de forestaci\u00f3n donde participaron colaboradores del voluntariado \u201cManos que Iluminan\u201d se ejecut\u00f3 en el \u00e1rea protegida por Edenorte dentro del Jard\u00edn.<\/p>\n<p style=\"font-weight: 400;\">Di\u00f3genes Rubio, encargado de la unidad de Responsabilidad Social explic\u00f3 que, \u201ccon la jornada de forestaci\u00f3n Edenorte afianza su compromiso de preservar el medioambiente\u201d, mientras que el director operativo del jard\u00edn bot\u00e1nico, ingeniero Jos\u00e9 Dolores Hern\u00e1ndez calific\u00f3 la jornada de exitosa y beneficiosa para la entidad bot\u00e1nica.<\/p>\n<p><img loading=\"lazy\" class=\"alignright wp-image-19197 size-medium\" src=\"http:\/\/hormigaradio.com\/wp-content\/uploads\/2023\/11\/Forestacion-en-area-protegida-por-Edenorte-en-Jardin-Botanico-de-Santiago-1-300x246.jpg\" alt=\"\" width=\"300\" height=\"246\" srcset=\"https:\/\/hormigaradio.com\/wp-content\/uploads\/2023\/11\/Forestacion-en-area-protegida-por-Edenorte-en-Jardin-Botanico-de-Santiago-1-300x246.jpg 300w, https:\/\/hormigaradio.com\/wp-content\/uploads\/2023\/11\/Forestacion-en-area-protegida-por-Edenorte-en-Jardin-Botanico-de-Santiago-1.jpg 654w\" sizes=\"(max-width: 300px) 100vw, 300px\" \/><\/p>\n<p style=\"font-weight: 400;\">En el \u00e1rea preservada por la Empresa Distribuidora de Electricidad del Norte se colocaron distintas especies entre las que se citan: Nogal, Juan Primero, Robles prieto, Robles criollo, Cedro, Cocuyo, Cigua prieta y Paloma, entre otras.<\/p>\n<p style=\"font-weight: 400;\">La jornada de forestaci\u00f3n es organizada cada a\u00f1o por la unidad de Responsabilidad Social, una dependencia de la gerencia de Relaciones P\u00fablicas de la Direcci\u00f3n de Comunicaci\u00f3n Estrat\u00e9gica de Edenorte Dominicana.<\/p>\n<p>Impactos: 82<\/p>","protected":false},"excerpt":{"rendered":"<p>Edenorte Dominicana S.A. a trav\u00e9s de su unidad de Responsabilidad Social realiz\u00f3 una jornada de siembra en el jard\u00edn Bot\u00e1nico Dr. Eugenio de Jes\u00fas<\/p>\n","protected":false},"author":3,"featured_media":19195,"comment_status":"closed","ping_status":"closed","sticky":false,"template":"","format":"standard","meta":[],"categories":[5],"tags":[],"_links":{"self":[{"href":"https:\/\/hormigaradio.com\/index.php?rest_route=\/wp\/v2\/posts\/19194"}],"collection":[{"href":"https:\/\/hormigaradio.com\/index.php?rest_route=\/wp\/v2\/posts"}],"about":[{"href":"https:\/\/hormigaradio.com\/index.php?rest_route=\/wp\/v2\/types\/post"}],"author":[{"embeddable":true,"href":"https:\/\/hormigaradio.com\/index.php?rest_route=\/wp\/v2\/users\/3"}],"replies":[{"embeddable":true,"href":"https:\/\/hormigaradio.com\/index.php?rest_route=%2Fwp%2Fv2%2Fcomments&post=19194"}],"version-history":[{"count":2,"href":"https:\/\/hormigaradio.com\/index.php?rest_route=\/wp\/v2\/posts\/19194\/revisions"}],"predecessor-version":[{"id":19198,"href":"https:\/\/hormigaradio.com\/index.php?rest_route=\/wp\/v2\/posts\/19194\/revisions\/19198"}],"wp:featuredmedia":[{"embeddable":true,"href":"https:\/\/hormigaradio.com\/index.php?rest_route=\/wp\/v2\/media\/19195"}],"wp:attachment":[{"href":"https:\/\/hormigaradio.com\/index.php?rest_route=%2Fwp%2Fv2%2Fmedia&parent=19194"}],"wp:term":[{"taxonomy":"category","embeddable":true,"href":"https:\/\/hormigaradio.com\/index.php?rest_route=%2Fwp%2Fv2%2Fcategories&post=19194"},{"taxonomy":"post_tag","embeddable":true,"href":"https:\/\/hormigaradio.com\/index.php?rest_route=%2Fwp%2Fv2%2Ftags&post=19194"}],"curies":[{"name":"wp","href":"https:\/\/api.w.org\/{rel}","templated":true}]}}