{"id":19199,"date":"2023-11-08T04:18:01","date_gmt":"2023-11-08T04:18:01","guid":{"rendered":"https:\/\/hormigaradio.com\/?p=19199"},"modified":"2023-11-08T13:05:59","modified_gmt":"2023-11-08T13:05:59","slug":"tres-muertos-tras-ser-arrastrados-por-crecida-rio-fula-en-bonao","status":"publish","type":"post","link":"https:\/\/hormigaradio.com\/?p=19199","title":{"rendered":"CUATRO MUERTOS, TRAS SER ARRASTRADOS POR CRECIDA R\u00cdO FULA EN BONAO (video)"},"content":{"rendered":"<p><img loading=\"lazy\" class=\"alignnone wp-image-15152\" src=\"http:\/\/hormigaradio.com\/wp-content\/uploads\/2022\/01\/FIRMA-para-Hormiga-Radio-300x158.jpeg\" alt=\"\" width=\"80\" height=\"42\" \/><\/p>\n<p>La Defensa Civil en Santiago, report\u00f3 la noche de este martes, que tres cad\u00e1veres fueron recuperados, de las aguas del r\u00edo Fula, en el municipio Bonao, en la provincia Monse\u00f1or Nouel, tras una crecida repentina que sorprendi\u00f3 a decenas de personas.<\/p>\n<p>\u201cLa tarde noche de este martes, se registr\u00f3 una fuerte crecida del r\u00edo, Fula en la provincia Monse\u00f1or Nouel, arrastrando a unas seis personas a su paso\u201d, report\u00f3 el director de la Defensa Civil, en Santiago, Francisco Arias.<\/p>\n<p>\u201cHasta el momento t\u00e9cnicos de la Defensa Civil han recuperado los cuerpos sin vida de tres v\u00edctimas\u201d, afirm\u00f3 Arias.<\/p>\n<p>Los fallecidos fueron identificados como Jade Contreras V\u00e1zquez, de 13 a\u00f1o de edad, Yimery V\u00e1squez, 29 de edad, ambas v\u00edctimas de Sabana Perdida, Santo Domingo, Cheily Yamilex P\u00e9rez Caminero de 25 a\u00f1os de edad, residente en Los Mina y Adonis Custodio Mata, 25 a\u00f1os, de edad Constanza, seg\u00fan inform\u00f3 Juan Carlos Vel\u00e1zquez, director provincial de la Defensa Civil, en Monse\u00f1or Nouel.<\/p>\n<div style=\"width: 480px;\" class=\"wp-video\"><!--[if lt IE 9]><script>document.createElement('video');<\/script><![endif]-->\n<video class=\"wp-video-shortcode\" id=\"video-19199-1\" width=\"480\" height=\"480\" preload=\"metadata\" controls=\"controls\"><source type=\"video\/mp4\" src=\"http:\/\/hormigaradio.com\/wp-content\/uploads\/2023\/11\/WhatsApp-Video-2023-11-08-at-1.03.19-AM.mp4?_=1\" \/><a href=\"http:\/\/hormigaradio.com\/wp-content\/uploads\/2023\/11\/WhatsApp-Video-2023-11-08-at-1.03.19-AM.mp4\">http:\/\/hormigaradio.com\/wp-content\/uploads\/2023\/11\/WhatsApp-Video-2023-11-08-at-1.03.19-AM.mp4<\/a><\/video><\/div>\n<p>Impactos: 97<\/p>","protected":false},"excerpt":{"rendered":"<p>La Defensa Civil en Santiago, report\u00f3 la noche de este martes, que tres cad\u00e1veres fueron recuperados, de las aguas del r\u00edo Fula, en el<\/p>\n","protected":false},"author":3,"featured_media":19203,"comment_status":"closed","ping_status":"closed","sticky":false,"template":"","format":"standard","meta":[],"categories":[3],"tags":[],"_links":{"self":[{"href":"https:\/\/hormigaradio.com\/index.php?rest_route=\/wp\/v2\/posts\/19199"}],"collection":[{"href":"https:\/\/hormigaradio.com\/index.php?rest_route=\/wp\/v2\/posts"}],"about":[{"href":"https:\/\/hormigaradio.com\/index.php?rest_route=\/wp\/v2\/types\/post"}],"author":[{"embeddable":true,"href":"https:\/\/hormigaradio.com\/index.php?rest_route=\/wp\/v2\/users\/3"}],"replies":[{"embeddable":true,"href":"https:\/\/hormigaradio.com\/index.php?rest_route=%2Fwp%2Fv2%2Fcomments&post=19199"}],"version-history":[{"count":5,"href":"https:\/\/hormigaradio.com\/index.php?rest_route=\/wp\/v2\/posts\/19199\/revisions"}],"predecessor-version":[{"id":19206,"href":"https:\/\/hormigaradio.com\/index.php?rest_route=\/wp\/v2\/posts\/19199\/revisions\/19206"}],"wp:featuredmedia":[{"embeddable":true,"href":"https:\/\/hormigaradio.com\/index.php?rest_route=\/wp\/v2\/media\/19203"}],"wp:attachment":[{"href":"https:\/\/hormigaradio.com\/index.php?rest_route=%2Fwp%2Fv2%2Fmedia&parent=19199"}],"wp:term":[{"taxonomy":"category","embeddable":true,"href":"https:\/\/hormigaradio.com\/index.php?rest_route=%2Fwp%2Fv2%2Fcategories&post=19199"},{"taxonomy":"post_tag","embeddable":true,"href":"https:\/\/hormigaradio.com\/index.php?rest_route=%2Fwp%2Fv2%2Ftags&post=19199"}],"curies":[{"name":"wp","href":"https:\/\/api.w.org\/{rel}","templated":true}]}}