{"id":19217,"date":"2023-11-09T14:36:09","date_gmt":"2023-11-09T14:36:09","guid":{"rendered":"https:\/\/hormigaradio.com\/?p=19217"},"modified":"2023-11-09T14:42:33","modified_gmt":"2023-11-09T14:42:33","slug":"defensa-civil-recupera-el-cadaver-de-isauly-martinez-tras-crecida-del-rio-fula","status":"publish","type":"post","link":"https:\/\/hormigaradio.com\/?p=19217","title":{"rendered":"DEFENSA CIVIL RECUPERA EL CAD\u00c1VER DE ISAULY MART\u00cdNEZ TRAS CRECIDA DEL R\u00cdO FULA"},"content":{"rendered":"<figure><a title=\"Servicios de Acento.com.do\" href=\"https:\/\/acento.com.do\/autor\/servicios.html\"><img class=\"i-amphtml-fill-content i-amphtml-replaced-content\" src=\"https:\/\/media.acento.com.do\/media\/storage02\/uploads\/2023\/06\/Coverimage-user-1-50x50.webp\" alt=\"Servicios de Acento.com.do\" \/><\/a><\/figure>\n<div class=\"extra-holder\">\n<p>Por\u00a0<span class=\"name font-700\"><a title=\"Servicios de Acento.com.do\" href=\"https:\/\/acento.com.do\/autor\/servicios.html\">Servicios de Acento.com.do<\/a><\/span><\/p>\n<div class=\"flex-container align-center\">La <strong>Defensa Civil<\/strong>\u00a0dominicana recuper\u00f3 la ma\u00f1ana de este jueves el cuerpo sin vida de la joven,\u00a0<strong>Isauly Mart\u00ednez<\/strong>, de 29 a\u00f1os, quien hab\u00eda sido arrastrada por la crecida del\u00a0<strong>r\u00edo Fula<\/strong>, en el municipio Bonao, provincia\u00a0<strong>Monse\u00f1or Nouel<\/strong>\u00a0el pasado martes.<\/div>\n<\/div>\n<p>La informaci\u00f3n fue ofrecida a la sede central del organismo de respuesta a emergencias por el director provincial en la zona,\u00a0<strong>Juan Carlos Vel\u00e1zquez<\/strong>, quien lideraba las labores de b\u00fasqueda en la Presa de Rinc\u00f3n, Sabana del Puerto, donde fue encontrada.<\/p>\n<p>Los restos fueron entregados a las autoridades del Instituto Nacional de Ciencias Forenses\u00a0<strong>(Inacif)<\/strong>\u00a0para los fines correspondientes.<\/p>\n<p>En el d\u00eda de ayer la\u00a0<strong>Defensa Civil<\/strong>\u00a0en\u00a0<strong>Bonao<\/strong>\u00a0report\u00f3 que cuatro cad\u00e1veres fueron recuperados de las aguas del r\u00edo.<\/p>\n<p>Los fenecidos identificados son Jade Contreras V\u00e1zquez, de 13 a\u00f1os de edad y Yimery V\u00e1squez, de 29 a\u00f1os de edad, ambas v\u00edctimas de Sabana Perdida, Santo Domingo. Tambi\u00e9n se identific\u00f3 a Cheily Yamilex P\u00e9rez Caminero, de 25 a\u00f1os de edad, residente en Los Mina y a Adonis Custodio Mata, de 25 a\u00f1os de edad, residente en Constanza<\/p>\n<p>Impactos: 37<\/p>","protected":false},"excerpt":{"rendered":"<p>Por\u00a0Servicios de Acento.com.do La Defensa Civil\u00a0dominicana recuper\u00f3 la ma\u00f1ana de este jueves el cuerpo sin vida de la joven,\u00a0Isauly Mart\u00ednez, de 29 a\u00f1os, quien<\/p>\n","protected":false},"author":3,"featured_media":19220,"comment_status":"closed","ping_status":"closed","sticky":false,"template":"","format":"standard","meta":[],"categories":[3],"tags":[],"_links":{"self":[{"href":"https:\/\/hormigaradio.com\/index.php?rest_route=\/wp\/v2\/posts\/19217"}],"collection":[{"href":"https:\/\/hormigaradio.com\/index.php?rest_route=\/wp\/v2\/posts"}],"about":[{"href":"https:\/\/hormigaradio.com\/index.php?rest_route=\/wp\/v2\/types\/post"}],"author":[{"embeddable":true,"href":"https:\/\/hormigaradio.com\/index.php?rest_route=\/wp\/v2\/users\/3"}],"replies":[{"embeddable":true,"href":"https:\/\/hormigaradio.com\/index.php?rest_route=%2Fwp%2Fv2%2Fcomments&post=19217"}],"version-history":[{"count":1,"href":"https:\/\/hormigaradio.com\/index.php?rest_route=\/wp\/v2\/posts\/19217\/revisions"}],"predecessor-version":[{"id":19218,"href":"https:\/\/hormigaradio.com\/index.php?rest_route=\/wp\/v2\/posts\/19217\/revisions\/19218"}],"wp:featuredmedia":[{"embeddable":true,"href":"https:\/\/hormigaradio.com\/index.php?rest_route=\/wp\/v2\/media\/19220"}],"wp:attachment":[{"href":"https:\/\/hormigaradio.com\/index.php?rest_route=%2Fwp%2Fv2%2Fmedia&parent=19217"}],"wp:term":[{"taxonomy":"category","embeddable":true,"href":"https:\/\/hormigaradio.com\/index.php?rest_route=%2Fwp%2Fv2%2Fcategories&post=19217"},{"taxonomy":"post_tag","embeddable":true,"href":"https:\/\/hormigaradio.com\/index.php?rest_route=%2Fwp%2Fv2%2Ftags&post=19217"}],"curies":[{"name":"wp","href":"https:\/\/api.w.org\/{rel}","templated":true}]}}