{"id":19301,"date":"2023-11-19T23:44:37","date_gmt":"2023-11-19T23:44:37","guid":{"rendered":"https:\/\/hormigaradio.com\/?p=19301"},"modified":"2023-11-19T23:45:31","modified_gmt":"2023-11-19T23:45:31","slug":"abel-martinez-se-solidariza-con-las-victimas-de-las-lluvias","status":"publish","type":"post","link":"https:\/\/hormigaradio.com\/?p=19301","title":{"rendered":"ABEL MART\u00cdNEZ SE SOLIDARIZA CON LAS V\u00cdCTIMAS DE LAS LLUVIAS"},"content":{"rendered":"<figure><a title=\"Servicios de Acento.com.do\" href=\"https:\/\/acento.com.do\/autor\/servicios.html\"><img class=\"i-amphtml-fill-content i-amphtml-replaced-content\" src=\"https:\/\/media.acento.com.do\/media\/storage02\/uploads\/2023\/06\/Coverimage-user-1-50x50.webp\" alt=\"Servicios de Acento.com.do\" \/><\/a><\/figure>\n<div class=\"extra-holder\">\n<p>Por\u00a0<span class=\"name font-700\"><a title=\"Servicios de Acento.com.do\" href=\"https:\/\/acento.com.do\/autor\/servicios.html\">Servicios de Acento.com.do<\/a><\/span><\/p>\n<p>El candidato presidencial del Partido de la Liberaci\u00f3n Dominicana (<strong>PLD<\/strong>), Abel Mart\u00ednez, expres\u00f3 condolencias a familiares de las nueve\u00a0<strong>v\u00edctimas<\/strong>, a causa de las lluvias que han ca\u00eddo sobre Rep\u00fablica Dominicana.<\/p>\n<\/div>\n<p>El candidato\u00a0<strong>presidencial<\/strong>\u00a0asegur\u00f3 su \u201csolidaridad\u201d con los dominicanos que han reportado p\u00e9rdidas materiales como inundaciones en sus casas, veh\u00edculos y otras pertenencias.<\/p>\n<p>\u201cEn momentos graves y dif\u00edciles que golpean al pueblo dominicano, por las devastadoras inundaciones causadas por las intensas\u00a0<strong>lluvias<\/strong>, quiero expresar mi solidaridad y mi presta disposici\u00f3n a servir\u201d, afirm\u00f3.<\/p>\n<p>El pol\u00edtico comunic\u00f3 que est\u00e1 conmovido por las consecuencias tr\u00e1gicas de las fuertes lluvias registradas en\u00a0<strong>Rep\u00fablica Dominicana.<\/strong><\/p>\n<p>Adem\u00e1s, el\u00a0Partido de la Liberaci\u00f3n Dominicana (<strong>PLD<\/strong>) inform\u00f3 que ponen a disposici\u00f3n su personal t\u00e9cnico a las autoridades.<\/p>\n<p>\u201cEn este momento dif\u00edcil, nuestro sentir y coraz\u00f3n est\u00e1 con cada dominicano que ha resultado afectado. \u00a1Fortaleza, dominicanas y dominicanos, juntos saldremos adelante\u201d, dijo Mart\u00ednez.<\/p>\n<p>Impactos: 65<\/p>","protected":false},"excerpt":{"rendered":"<p>Por\u00a0Servicios de Acento.com.do El candidato presidencial del Partido de la Liberaci\u00f3n Dominicana (PLD), Abel Mart\u00ednez, expres\u00f3 condolencias a familiares de las nueve\u00a0v\u00edctimas, a causa<\/p>\n","protected":false},"author":3,"featured_media":4514,"comment_status":"closed","ping_status":"closed","sticky":false,"template":"","format":"standard","meta":[],"categories":[3],"tags":[],"_links":{"self":[{"href":"https:\/\/hormigaradio.com\/index.php?rest_route=\/wp\/v2\/posts\/19301"}],"collection":[{"href":"https:\/\/hormigaradio.com\/index.php?rest_route=\/wp\/v2\/posts"}],"about":[{"href":"https:\/\/hormigaradio.com\/index.php?rest_route=\/wp\/v2\/types\/post"}],"author":[{"embeddable":true,"href":"https:\/\/hormigaradio.com\/index.php?rest_route=\/wp\/v2\/users\/3"}],"replies":[{"embeddable":true,"href":"https:\/\/hormigaradio.com\/index.php?rest_route=%2Fwp%2Fv2%2Fcomments&post=19301"}],"version-history":[{"count":1,"href":"https:\/\/hormigaradio.com\/index.php?rest_route=\/wp\/v2\/posts\/19301\/revisions"}],"predecessor-version":[{"id":19302,"href":"https:\/\/hormigaradio.com\/index.php?rest_route=\/wp\/v2\/posts\/19301\/revisions\/19302"}],"wp:featuredmedia":[{"embeddable":true,"href":"https:\/\/hormigaradio.com\/index.php?rest_route=\/wp\/v2\/media\/4514"}],"wp:attachment":[{"href":"https:\/\/hormigaradio.com\/index.php?rest_route=%2Fwp%2Fv2%2Fmedia&parent=19301"}],"wp:term":[{"taxonomy":"category","embeddable":true,"href":"https:\/\/hormigaradio.com\/index.php?rest_route=%2Fwp%2Fv2%2Fcategories&post=19301"},{"taxonomy":"post_tag","embeddable":true,"href":"https:\/\/hormigaradio.com\/index.php?rest_route=%2Fwp%2Fv2%2Ftags&post=19301"}],"curies":[{"name":"wp","href":"https:\/\/api.w.org\/{rel}","templated":true}]}}