{"id":19331,"date":"2023-11-24T11:08:15","date_gmt":"2023-11-24T11:08:15","guid":{"rendered":"https:\/\/hormigaradio.com\/?p=19331"},"modified":"2023-11-24T11:08:15","modified_gmt":"2023-11-24T11:08:15","slug":"policia-afirma-apreso-al-autor-de-la-muerte-del-folklorista-vitico-erarte","status":"publish","type":"post","link":"https:\/\/hormigaradio.com\/?p=19331","title":{"rendered":"POLIC\u00cdA AFIRMA APRES\u00d3 AL AUTOR DE LA MUERTE DEL FOLKLORISTA VITICO ERARTE"},"content":{"rendered":"<p><img loading=\"lazy\" class=\"alignnone wp-image-15152\" src=\"http:\/\/hormigaradio.com\/wp-content\/uploads\/2022\/01\/FIRMA-para-Hormiga-Radio-300x158.jpeg\" alt=\"\" width=\"80\" height=\"42\" \/><\/p>\n<p>La Polic\u00eda Nacional inform\u00f3 que luego de una ardua labor de investigaci\u00f3n arrest\u00f3 al confeso autor de la muerte del folklorista V\u00edctor Daniel Erarte (Vitico), de 61 a\u00f1os, en un hecho que ocurri\u00f3 en el sector Los Jardines Metropolitanos, de Santiago, en fecha 30-10-2022.<\/p>\n<p>Se trata del haitiano Yakime Michel (Yunior), de 22 a\u00f1os, quien fue arrestado mediante orden judicial No.09919-2022, emitida por la Oficina Judicial de Atenci\u00f3n Permanente de esta provincia.<\/p>\n<p>El confeso homicida fue arrestado por miembros de la Divisi\u00f3n de Homicidios en el mercado Hospedaje Yaque, siendo trasladado a la sede central de la Direcci\u00f3n Regional Cibao Central, donde se encontraba bajo investigaci\u00f3n.<br \/>\nAl ser depurado por los investigadores policiales, en los archivos migratorios arroj\u00f3 que se encuentra residiendo en el pa\u00eds de manera ilegal.<\/p>\n<p>El proceso investigativo arroj\u00f3 que la muerte del folklorista se produjo en medio de una discusi\u00f3n que \u00e9ste sostuvo con el detenido, en su residencia del sector Los Jardines Metropolitanos, donde result\u00f3 con un golpe en la cabeza, cuyas circunstancias de ese conflicto est\u00e1n siendo investigadas por las autoridades.<\/p>\n<p>El arrestado se encuentra bajo el control del Ministerio P\u00fablico a trav\u00e9s del cual ser\u00e1 puesto a disposici\u00f3n de la justicia, para los fines correspondientes de Ley.<\/p>\n<p>Impactos: 44<\/p>","protected":false},"excerpt":{"rendered":"<p>La Polic\u00eda Nacional inform\u00f3 que luego de una ardua labor de investigaci\u00f3n arrest\u00f3 al confeso autor de la muerte del folklorista V\u00edctor Daniel Erarte<\/p>\n","protected":false},"author":3,"featured_media":19332,"comment_status":"closed","ping_status":"closed","sticky":false,"template":"","format":"standard","meta":[],"categories":[3],"tags":[],"_links":{"self":[{"href":"https:\/\/hormigaradio.com\/index.php?rest_route=\/wp\/v2\/posts\/19331"}],"collection":[{"href":"https:\/\/hormigaradio.com\/index.php?rest_route=\/wp\/v2\/posts"}],"about":[{"href":"https:\/\/hormigaradio.com\/index.php?rest_route=\/wp\/v2\/types\/post"}],"author":[{"embeddable":true,"href":"https:\/\/hormigaradio.com\/index.php?rest_route=\/wp\/v2\/users\/3"}],"replies":[{"embeddable":true,"href":"https:\/\/hormigaradio.com\/index.php?rest_route=%2Fwp%2Fv2%2Fcomments&post=19331"}],"version-history":[{"count":1,"href":"https:\/\/hormigaradio.com\/index.php?rest_route=\/wp\/v2\/posts\/19331\/revisions"}],"predecessor-version":[{"id":19333,"href":"https:\/\/hormigaradio.com\/index.php?rest_route=\/wp\/v2\/posts\/19331\/revisions\/19333"}],"wp:featuredmedia":[{"embeddable":true,"href":"https:\/\/hormigaradio.com\/index.php?rest_route=\/wp\/v2\/media\/19332"}],"wp:attachment":[{"href":"https:\/\/hormigaradio.com\/index.php?rest_route=%2Fwp%2Fv2%2Fmedia&parent=19331"}],"wp:term":[{"taxonomy":"category","embeddable":true,"href":"https:\/\/hormigaradio.com\/index.php?rest_route=%2Fwp%2Fv2%2Fcategories&post=19331"},{"taxonomy":"post_tag","embeddable":true,"href":"https:\/\/hormigaradio.com\/index.php?rest_route=%2Fwp%2Fv2%2Ftags&post=19331"}],"curies":[{"name":"wp","href":"https:\/\/api.w.org\/{rel}","templated":true}]}}