{"id":19334,"date":"2023-11-24T11:11:30","date_gmt":"2023-11-24T11:11:30","guid":{"rendered":"https:\/\/hormigaradio.com\/?p=19334"},"modified":"2023-11-24T11:11:43","modified_gmt":"2023-11-24T11:11:43","slug":"faride-raful-reclama-a-directivos-del-prm-definir-boleta-de-la-capital-sin-mas-demora","status":"publish","type":"post","link":"https:\/\/hormigaradio.com\/?p=19334","title":{"rendered":"FARIDE RAFUL RECLAMA A DIRECTIVOS DEL PRM DEFINIR BOLETA DE LA CAPITAL &#8216;SIN M\u00c1S DEMORA&#8217;"},"content":{"rendered":"<figure><a title=\"Servicios de Acento.com.do\" href=\"https:\/\/acento.com.do\/autor\/servicios.html\"><img class=\"i-amphtml-fill-content i-amphtml-replaced-content\" src=\"https:\/\/media.acento.com.do\/media\/storage02\/uploads\/2023\/06\/Coverimage-user-1-50x50.webp\" alt=\"Servicios de Acento.com.do\" \/><\/a><\/figure>\n<div class=\"extra-holder\">\n<p>Por\u00a0<span class=\"name font-700\"><a title=\"Servicios de Acento.com.do\" href=\"https:\/\/acento.com.do\/autor\/servicios.html\">Servicios de Acento.com.do<\/a><\/span><\/p>\n<div class=\"flex-container align-center\">La senadora <strong>Faride Raful<\/strong>\u00a0inform\u00f3 que el\u00a0<strong>Partido Revolucionario Moderno (PRM)<\/strong>\u00a0todav\u00eda no ha anunciado sus\u00a0<strong>candidatos<\/strong>\u00a0para emitir para las seis senadur\u00edas reservadas, a trav\u00e9s de su cuenta de red social X (anteriormente Twitter) la tarde del jueves 23 de noviembre.<\/div>\n<\/div>\n<p>En su anuncio,\u00a0<strong>Raful<\/strong>\u00a0describi\u00f3 que la demora est\u00e1 provocando rumores con relaci\u00f3n al partido.<\/p>\n<blockquote><p>&#8220;Ninguna de las 6 reservas senatoriales del\u00a0<strong>PRM<\/strong>\u00a0ha sido anunciada. El proceso ha sido m\u00e1s lento de lo ideal, dando paso a rumores que est\u00e1n afectando el posicionamiento y la din\u00e1mica interna del partido&#8221;, afirm\u00f3\u00a0<strong>Raful<\/strong>.<\/p><\/blockquote>\n<p>Despu\u00e9s de criticar la demora de la c\u00fapula del\u00a0<strong>PRM<\/strong>\u00a0para decidir sobre esos seis\u00a0<strong>candidatos<\/strong>,\u00a0<strong>Raful<\/strong>\u00a0indic\u00f3 que &#8220;es ideal que las autoridades definan la boleta de la capital, tanto en el Senado como en la Alcald\u00eda, sin m\u00e1s demora&#8221;.<\/p>\n<p>La senadora reafirm\u00f3 su deseo de mantener en su puesto a pesar de los retrasos en el proceso. &#8220;A\u00fan con la larga espera, alentada por la base y nuestros dirigentes, mantengo mis aspiraciones y seguimos trabajando&#8221;, dijo\u00a0<strong>Raful<\/strong>.<\/p>\n<p><iframe loading=\"lazy\" class=\"i-amphtml-fill-content\" title=\"Twitter\" src=\"https:\/\/d-157363151478227936.ampproject.net\/2310301456000\/frame.html\" name=\"{&quot;host&quot;:&quot;d-157363151478227936.ampproject.net&quot;,&quot;bootstrap&quot;:&quot;https:\/\/3p.ampproject.net\/2310301456000\/vendor\/twitter.js&quot;,&quot;type&quot;:&quot;twitter&quot;,&quot;count&quot;:1,&quot;attributes&quot;:{&quot;tweetid&quot;:&quot;1727757044520739157&quot;,&quot;width&quot;:375,&quot;height&quot;:472,&quot;_context&quot;:{&quot;ampcontextVersion&quot;:&quot;2310301456000&quot;,&quot;ampcontextFilepath&quot;:&quot;https:\/\/3p.ampproject.net\/2310301456000\/ampcontext-v0.js&quot;,&quot;sourceUrl&quot;:&quot;https:\/\/acento.com.do\/politica\/faride-raful-reclama-a-directivos-del-prm-definir-boleta-de-la-capital-sin-mas-demora-9270675.html&quot;,&quot;referrer&quot;:&quot;https:\/\/acento.com.do\/&quot;,&quot;canonicalUrl&quot;:&quot;https:\/\/acento.com.do\/politica\/faride-raful-reclama-a-directivos-del-prm-definir-boleta-de-la-capital-sin-mas-demora-9270675.html&quot;,&quot;pageViewId&quot;:&quot;4523&quot;,&quot;location&quot;:{&quot;href&quot;:&quot;https:\/\/acento.com.do\/politica\/faride-raful-reclama-a-directivos-del-prm-definir-boleta-de-la-capital-sin-mas-demora-9270675.html&quot;},&quot;startTime&quot;:1700824134712,&quot;tagName&quot;:&quot;AMP-TWITTER&quot;,&quot;mode&quot;:{&quot;localDev&quot;:false,&quot;development&quot;:false,&quot;esm&quot;:false,&quot;test&quot;:false,&quot;rtvVersion&quot;:&quot;012310301456000&quot;},&quot;canary&quot;:false,&quot;hidden&quot;:false,&quot;initialLayoutRect&quot;:{&quot;left&quot;:85,&quot;top&quot;:1908,&quot;width&quot;:728,&quot;height&quot;:916},&quot;domFingerprint&quot;:&quot;3543973177&quot;,&quot;experimentToggles&quot;:{&quot;canary&quot;:false,&quot;a4aProfilingRate&quot;:false,&quot;doubleclickSraExp&quot;:false,&quot;doubleclickSraReportExcludedBlock&quot;:false,&quot;flexAdSlots&quot;:false,&quot;flexible-bitrate&quot;:false,&quot;ios-fixed-no-transfer&quot;:false,&quot;story-ad-placements&quot;:false,&quot;story-disable-animations-first-page&quot;:true,&quot;story-load-inactive-outside-viewport&quot;:true,&quot;amp-sticky-ad-to-amp-ad-v4&quot;:false,&quot;story-video-cache-apply-audio&quot;:false,&quot;amp-story-subscriptions&quot;:true,&quot;amp-story-first-page-max-bitrate&quot;:true,&quot;story-load-first-page-only&quot;:true,&quot;story-ad-page-outlink&quot;:false,&quot;amp-geo-ssr&quot;:true,&quot;story-remote-localization&quot;:true,&quot;attribution-reporting&quot;:false},&quot;sentinel&quot;:&quot;0-28818247232986401411&quot;},&quot;type&quot;:&quot;twitter&quot;}}\" width=\"375\" height=\"472\" scrolling=\"no\" sandbox=\"allow-top-navigation-by-user-activation allow-popups-to-escape-sandbox allow-forms allow-modals allow-pointer-lock allow-popups allow-same-origin allow-scripts\" allowfullscreen=\"allowfullscreen\" data-amp-3p-sentinel=\"0-28818247232986401411\" data-mce-fragment=\"1\"><\/iframe><\/p>\n<p>&nbsp;<\/p>\n<p>&nbsp;<\/p>\n<div class=\"banner-box\"><\/div>\n<div class=\"cont-tags\"><\/div>\n<p>Impactos: 40<\/p>","protected":false},"excerpt":{"rendered":"<p>Por\u00a0Servicios de Acento.com.do La senadora Faride Raful\u00a0inform\u00f3 que el\u00a0Partido Revolucionario Moderno (PRM)\u00a0todav\u00eda no ha anunciado sus\u00a0candidatos\u00a0para emitir para las seis senadur\u00edas reservadas, a trav\u00e9s<\/p>\n","protected":false},"author":3,"featured_media":19335,"comment_status":"closed","ping_status":"closed","sticky":false,"template":"","format":"standard","meta":[],"categories":[6],"tags":[],"_links":{"self":[{"href":"https:\/\/hormigaradio.com\/index.php?rest_route=\/wp\/v2\/posts\/19334"}],"collection":[{"href":"https:\/\/hormigaradio.com\/index.php?rest_route=\/wp\/v2\/posts"}],"about":[{"href":"https:\/\/hormigaradio.com\/index.php?rest_route=\/wp\/v2\/types\/post"}],"author":[{"embeddable":true,"href":"https:\/\/hormigaradio.com\/index.php?rest_route=\/wp\/v2\/users\/3"}],"replies":[{"embeddable":true,"href":"https:\/\/hormigaradio.com\/index.php?rest_route=%2Fwp%2Fv2%2Fcomments&post=19334"}],"version-history":[{"count":1,"href":"https:\/\/hormigaradio.com\/index.php?rest_route=\/wp\/v2\/posts\/19334\/revisions"}],"predecessor-version":[{"id":19336,"href":"https:\/\/hormigaradio.com\/index.php?rest_route=\/wp\/v2\/posts\/19334\/revisions\/19336"}],"wp:featuredmedia":[{"embeddable":true,"href":"https:\/\/hormigaradio.com\/index.php?rest_route=\/wp\/v2\/media\/19335"}],"wp:attachment":[{"href":"https:\/\/hormigaradio.com\/index.php?rest_route=%2Fwp%2Fv2%2Fmedia&parent=19334"}],"wp:term":[{"taxonomy":"category","embeddable":true,"href":"https:\/\/hormigaradio.com\/index.php?rest_route=%2Fwp%2Fv2%2Fcategories&post=19334"},{"taxonomy":"post_tag","embeddable":true,"href":"https:\/\/hormigaradio.com\/index.php?rest_route=%2Fwp%2Fv2%2Ftags&post=19334"}],"curies":[{"name":"wp","href":"https:\/\/api.w.org\/{rel}","templated":true}]}}