{"id":19377,"date":"2023-11-30T04:36:55","date_gmt":"2023-11-30T04:36:55","guid":{"rendered":"https:\/\/hormigaradio.com\/?p=19377"},"modified":"2023-11-30T04:40:36","modified_gmt":"2023-11-30T04:40:36","slug":"falta-de-traductor-aplaza-coercion-del-imputado-por-muerte-de-victor-erarte","status":"publish","type":"post","link":"https:\/\/hormigaradio.com\/?p=19377","title":{"rendered":"FALTA DE TRADUCTOR APLAZA COERCI\u00d3N DEL IMPUTADO POR MUERTE DE V\u00cdCTOR ERARTE"},"content":{"rendered":"<p>Por\u00a0<span class=\"name font-700\"><a title=\"M\u00e1ximo Laureano\" href=\"https:\/\/acento.com.do\/autor\/mlaureano.html\">M\u00e1ximo Laureano<\/a><\/span><\/p>\n<p>El conocimiento de la medida de coerci\u00f3n contra Yamike Michel (Junior), imputado por la muerte del folclorista y core\u00f3grafo V\u00edctor Erarte, fue aplazado para el lunes 4 de diciembre por el juez de la Oficina de Atenci\u00f3n Permanente del distrito judicial de Santiago, Julio Araujo.<\/p>\n<p>La raz\u00f3n del aplazamiento estuvo sustentada en la petici\u00f3n de una de las partes para que el proceso se desarrolle con la presencia de un traductor del creole, por tratarse de un imputado de nacionalidad haitiana.<\/p>\n<p>Seg\u00fan explic\u00f3 Jordy Veras, abogado de la familia de la v\u00edctima, se hab\u00eda contemplado la presencia del traductor, pero la persona designada no se present\u00f3.<\/p>\n<h2><strong>Folclorista muerto en octubre del 2022<\/strong><\/h2>\n<figure><img class=\"i-amphtml-fill-content i-amphtml-replaced-content\" title=\"victor-erarte-1\" src=\"https:\/\/media.acento.com.do\/media\/storage02\/uploads\/2022\/10\/victor-erarte-1.webp\" alt=\"victor-erarte-1\" \/><figcaption>V\u00edctor Erarte.<\/figcaption><\/figure>\n<p>El folclorista Erarte y promotor del carnaval de Santiago y otras actividades culturales fue hallado muerto en su residencia, ubicada en la calle Jos\u00e9 Aquiles Ram\u00edrez, en la urbanizaci\u00f3n Jardines Metropolitanos, el 30 de octubre del 2022.<\/p>\n<p>Seg\u00fan ha notificado la Polic\u00eda, el joven procesado habr\u00eda confesado que cometi\u00f3 el hecho al calor de una discusi\u00f3n, pero las autoridades policiales no han especificado qu\u00e9 motiv\u00f3 la discusi\u00f3n que termin\u00f3 con la vida de Erarte.<\/p>\n<p>Impactos: 53<\/p>","protected":false},"excerpt":{"rendered":"<p>Por\u00a0M\u00e1ximo Laureano El conocimiento de la medida de coerci\u00f3n contra Yamike Michel (Junior), imputado por la muerte del folclorista y core\u00f3grafo V\u00edctor Erarte, fue<\/p>\n","protected":false},"author":3,"featured_media":19332,"comment_status":"closed","ping_status":"closed","sticky":false,"template":"","format":"standard","meta":[],"categories":[3],"tags":[],"_links":{"self":[{"href":"https:\/\/hormigaradio.com\/index.php?rest_route=\/wp\/v2\/posts\/19377"}],"collection":[{"href":"https:\/\/hormigaradio.com\/index.php?rest_route=\/wp\/v2\/posts"}],"about":[{"href":"https:\/\/hormigaradio.com\/index.php?rest_route=\/wp\/v2\/types\/post"}],"author":[{"embeddable":true,"href":"https:\/\/hormigaradio.com\/index.php?rest_route=\/wp\/v2\/users\/3"}],"replies":[{"embeddable":true,"href":"https:\/\/hormigaradio.com\/index.php?rest_route=%2Fwp%2Fv2%2Fcomments&post=19377"}],"version-history":[{"count":1,"href":"https:\/\/hormigaradio.com\/index.php?rest_route=\/wp\/v2\/posts\/19377\/revisions"}],"predecessor-version":[{"id":19378,"href":"https:\/\/hormigaradio.com\/index.php?rest_route=\/wp\/v2\/posts\/19377\/revisions\/19378"}],"wp:featuredmedia":[{"embeddable":true,"href":"https:\/\/hormigaradio.com\/index.php?rest_route=\/wp\/v2\/media\/19332"}],"wp:attachment":[{"href":"https:\/\/hormigaradio.com\/index.php?rest_route=%2Fwp%2Fv2%2Fmedia&parent=19377"}],"wp:term":[{"taxonomy":"category","embeddable":true,"href":"https:\/\/hormigaradio.com\/index.php?rest_route=%2Fwp%2Fv2%2Fcategories&post=19377"},{"taxonomy":"post_tag","embeddable":true,"href":"https:\/\/hormigaradio.com\/index.php?rest_route=%2Fwp%2Fv2%2Ftags&post=19377"}],"curies":[{"name":"wp","href":"https:\/\/api.w.org\/{rel}","templated":true}]}}