{"id":19382,"date":"2023-12-01T02:18:11","date_gmt":"2023-12-01T02:18:11","guid":{"rendered":"https:\/\/hormigaradio.com\/?p=19382"},"modified":"2023-12-01T02:21:21","modified_gmt":"2023-12-01T02:21:21","slug":"rehabilitacion-y-asociacion-cibao-cierran-proyecto-de-inclusion-laboral-en-santiago","status":"publish","type":"post","link":"https:\/\/hormigaradio.com\/?p=19382","title":{"rendered":"REHABILITACI\u00d3N Y ASOCIACI\u00d3N CIBAO CIERRAN PROYECTO DE INCLUSI\u00d3N LABORAL EN SANTIAGO"},"content":{"rendered":"<div><img loading=\"lazy\" class=\"alignnone wp-image-15152\" src=\"http:\/\/hormigaradio.com\/wp-content\/uploads\/2022\/01\/FIRMA-para-Hormiga-Radio-300x158.jpeg\" alt=\"\" width=\"80\" height=\"42\" \/><\/div>\n<div>Rehabilitaci\u00f3n y la Asociaci\u00f3n Cibao de Ahorros y Pr\u00e9stamos (ACAP) clausuraron el proyecto Generando Capacidades para la Inclusi\u00f3n en Santiago, en un acto llevado a cabo en el sal\u00f3n de conferencias de la Pontificia Universidad Cat\u00f3lica Madre y Maestra, en Santiago.<\/div>\n<div><\/div>\n<div>Se trata de una iniciativa de Rehabilitaci\u00f3n, ganadora de los fondos por concursos de Asociaci\u00f3n Cibao en 2019, que inici\u00f3 en el a\u00f1o 2020 y durante su desarrollo 21 empresas e industrias abrieron sus puertas, escucharon y se adaptaron para integrar a personas con discapacidad, quienes a su vez fueron capacitadas, tanto en aspectos t\u00e9cnicos como en emprendimiento.<\/div>\n<div><\/div>\n<div>El acto estuvo encabezado por Celso Marranzini, presidente de la Junta Directiva Nacional de Rehabilitaci\u00f3n y Rafael Antonio Genao Arias, presidente de la Junta de Directores de ACAP y adem\u00e1s cont\u00f3 con la presencia de empresarios e instituciones que han sido claves en la ejecuci\u00f3n de la iniciativa, auspiciada por Asociaci\u00f3n Cibao, con una inversi\u00f3n de un mill\u00f3n de pesos.<\/div>\n<div>\n<figure id=\"attachment_19385\" aria-describedby=\"caption-attachment-19385\" style=\"width: 715px\" class=\"wp-caption alignnone\"><img loading=\"lazy\" class=\"wp-image-19385 size-large\" src=\"http:\/\/hormigaradio.com\/wp-content\/uploads\/2023\/12\/ADR-2-1024x576.jpeg\" alt=\"\" width=\"715\" height=\"402\" srcset=\"https:\/\/hormigaradio.com\/wp-content\/uploads\/2023\/12\/ADR-2-1024x576.jpeg 1024w, https:\/\/hormigaradio.com\/wp-content\/uploads\/2023\/12\/ADR-2-300x169.jpeg 300w, https:\/\/hormigaradio.com\/wp-content\/uploads\/2023\/12\/ADR-2-768x432.jpeg 768w, https:\/\/hormigaradio.com\/wp-content\/uploads\/2023\/12\/ADR-2.jpeg 1500w\" sizes=\"(max-width: 715px) 100vw, 715px\" \/><figcaption id=\"caption-attachment-19385\" class=\"wp-caption-text\"><em><strong>El acto estuvo encabezado por Celso Marranzini, presidente de la Junta Directiva Nacional de Rehabilitaci\u00f3n y Rafael Antonio Genao Arias, presidente de la Junta de Directores de ACAP.<\/strong><\/em><\/figcaption><\/figure>\n<\/div>\n<div><\/div>\n<div>Al respecto Genao Arias dijo en sus palabras que: \u201cEl proyecto Generando Capacidades para la Inclusi\u00f3n en Santiago ha sido c\u00f3nsono con nuestra visi\u00f3n de inclusi\u00f3n. Pues en Asociaci\u00f3n Cibao desde el a\u00f1o 2019 hemos trabajado incansablemente en el fomento de un enfoque inclusivo mediante programas que impulsan la cultura institucional\u201d.<\/div>\n<div><\/div>\n<div>Entre los logros obtenidos por Asociaci\u00f3n Cibao en materia de inclusi\u00f3n, Genao mencion\u00f3 las 14 sucursales accesibles, el centro virtual de lengua de se\u00f1as y las pr\u00e1cticas de inclusi\u00f3n en reclutamiento, selecci\u00f3n y contrataci\u00f3n de personal, como un esfuerzo de eliminar barreras encaminarse al cumplimiento de la Ley 5-13 sobre discapacidad, como un primer escal\u00f3n.<\/div>\n<div><\/div>\n<div>Mientras que Marranzini aprovech\u00f3 que se presentaron los resultados del proyecto para consignar que Rehabilitaci\u00f3n reforzar\u00e1 su trabajo en educaci\u00f3n, capacitaci\u00f3n y fortalecimiento de las habilidades de las personas que viven con discapacidad y al mismo tiempo incrementar\u00e1 sus labores de sensibilizaci\u00f3n, orientaci\u00f3n y acompa\u00f1amiento a los empresarios sobre la inclusi\u00f3n laboral.<\/div>\n<div><\/div>\n<div>\u201cTodo el m\u00e9rito para la Asociaci\u00f3n Cibao de Ahorros y Pr\u00e9stamos, que impuls\u00f3 el concurso y para las 21 empresas e instituciones que se sumaron en apoyo al mismo. Con este proyecto buscamos que estas personas puedan competir en igualdad de condiciones en el mundo laboral y seguiremos la negociaci\u00f3n de alianzas intersectoriales que faciliten los recursos necesarios para el entrenamiento y el funcionamiento de las Unidades Productivas y Comerciales\u201d, afirm\u00f3 Marranzini durante su disertaci\u00f3n.<\/div>\n<div><\/div>\n<div>El principal objetivo de este proyecto es fortalecer las competencias educativas, laborales y\/o socio-familiares de personas con discapacidad residentes en Santiago y sus alrededores, asegurando su derecho de acceso a la educaci\u00f3n t\u00e9cnico-profesional y al empleo, responsabilidad que estuvo a cargo del departamento de Inserci\u00f3n Laboral de Rehabilitaci\u00f3n.<\/div>\n<div><\/div>\n<div>La inserci\u00f3n laboral y social es el objetivo principal y final de la rehabilitaci\u00f3n de las personas que viven con discapacidad y este proyecto super\u00f3 las expectativas pues impact\u00f3 en casi 200 personas, directa e indirectamente. En lugar de 110, se involucr\u00f3 a 122 personas con discapacidad de 60 comunidades; a 40 familiares de estos que tambi\u00e9n fueron capacitados en la mejor\u00eda de sus competencias; 41 personas iniciaron micro emprendimientos, de las cuales 38 son proveedoras de su n\u00facleo familiar y 11 personas se insertaron en el mercado laboral.<\/div>\n<div><\/div>\n<div>Las capacitaciones que recibieron se basaron en desarrollo empresarial, emprendimiento, finanzas personales, manejo de redes sociales, pr\u00e9stamos para emprendedores y otras que fueron impartidas por la Fundaci\u00f3n Dominicana de Desarrollo y Asociaci\u00f3n Cibao de Ahorros y Pr\u00e9stamos.<\/div>\n<div><\/div>\n<div>El proyecto cont\u00f3 adem\u00e1s con el patrocinio de empresas como: Pinturas Tuc\u00e1n, Multiqu\u00edmica, Cooperativa La Altagracia, Hospital Centro Especializado y Atenci\u00f3n de Salud Juan XXIII, Espalsa, Baldom, Davidoff, Grupo Rica, Banreservas, Supermercados La Fuente, Tabacalera Hermanos Cuevas, Grupo Humano, la direcci\u00f3n provincial del Ministerio de Educaci\u00f3n, Fundaci\u00f3n Dominicana de Desarrollo oficina Santiago, La Fabril, Seguros Mapfre, Callmax, Ecosisa, ABS Depot y Seguros Banreservas.<\/div>\n<p>Impactos: 80<\/p>","protected":false},"excerpt":{"rendered":"<p>Rehabilitaci\u00f3n y la Asociaci\u00f3n Cibao de Ahorros y Pr\u00e9stamos (ACAP) clausuraron el proyecto Generando Capacidades para la Inclusi\u00f3n en Santiago, en un acto llevado<\/p>\n","protected":false},"author":3,"featured_media":19384,"comment_status":"closed","ping_status":"closed","sticky":false,"template":"","format":"standard","meta":[],"categories":[3],"tags":[],"_links":{"self":[{"href":"https:\/\/hormigaradio.com\/index.php?rest_route=\/wp\/v2\/posts\/19382"}],"collection":[{"href":"https:\/\/hormigaradio.com\/index.php?rest_route=\/wp\/v2\/posts"}],"about":[{"href":"https:\/\/hormigaradio.com\/index.php?rest_route=\/wp\/v2\/types\/post"}],"author":[{"embeddable":true,"href":"https:\/\/hormigaradio.com\/index.php?rest_route=\/wp\/v2\/users\/3"}],"replies":[{"embeddable":true,"href":"https:\/\/hormigaradio.com\/index.php?rest_route=%2Fwp%2Fv2%2Fcomments&post=19382"}],"version-history":[{"count":3,"href":"https:\/\/hormigaradio.com\/index.php?rest_route=\/wp\/v2\/posts\/19382\/revisions"}],"predecessor-version":[{"id":19387,"href":"https:\/\/hormigaradio.com\/index.php?rest_route=\/wp\/v2\/posts\/19382\/revisions\/19387"}],"wp:featuredmedia":[{"embeddable":true,"href":"https:\/\/hormigaradio.com\/index.php?rest_route=\/wp\/v2\/media\/19384"}],"wp:attachment":[{"href":"https:\/\/hormigaradio.com\/index.php?rest_route=%2Fwp%2Fv2%2Fmedia&parent=19382"}],"wp:term":[{"taxonomy":"category","embeddable":true,"href":"https:\/\/hormigaradio.com\/index.php?rest_route=%2Fwp%2Fv2%2Fcategories&post=19382"},{"taxonomy":"post_tag","embeddable":true,"href":"https:\/\/hormigaradio.com\/index.php?rest_route=%2Fwp%2Fv2%2Ftags&post=19382"}],"curies":[{"name":"wp","href":"https:\/\/api.w.org\/{rel}","templated":true}]}}