{"id":19395,"date":"2023-12-03T05:32:15","date_gmt":"2023-12-03T05:32:15","guid":{"rendered":"https:\/\/hormigaradio.com\/?p=19395"},"modified":"2023-12-03T05:36:42","modified_gmt":"2023-12-03T05:36:42","slug":"no-se-confundan-no-soy-manso-dice-nuevo-arzobispo-de-santiago","status":"publish","type":"post","link":"https:\/\/hormigaradio.com\/?p=19395","title":{"rendered":"\u201cNO SE CONFUNDAN, NO SOY MANSO\u201d, DICE NUEVO ARZOBISPO DE SANTIAGO"},"content":{"rendered":"<p>Por\u00a0<span class=\"name font-700\"><a title=\"M\u00e1ximo Laureano\" href=\"https:\/\/acento.com.do\/autor\/mlaureano.html\">M\u00e1ximo Laureano<\/a><\/span><\/p>\n<p>&#8220;Yo no soy manso, no confundan, el manso y humilde es Jesuscristo, que dijo aprendan de m\u00ed, que soy manso y humilde de coraz\u00f3n. Y para mi la mansedumbre y la humildad es un reto y un desaf\u00edo, yo no soy manso todav\u00eda\u201d, dijo el reci\u00e9n posesionado arzobispo de Santiago.<\/p>\n<p>As\u00ed se expres\u00f3 Monse\u00f1or H\u00e9ctor Rafael Rodr\u00edguez, al asumir como nuevo arzobispo de la Arquidi\u00f3cesis de Santiago, en sustituci\u00f3n del arzobispo Freddy Bret\u00f3n Mart\u00ednez, que renunci\u00f3 por haber cumplido la edad reglamentaria para ser relevado.<\/p>\n<p>El nuevo arzobispo de Santiago dijo que su misi\u00f3n ser\u00e1 la disponibilidad incondicional de servir para ayudar a los afligidos y hacer la voluntad de Dios.<\/p>\n<p>\u201cAqu\u00ed estoy para con disponibilidad incondicional, para cumplir con el programa que nos ha encomendado el Se\u00f1or\u201d, dijo H\u00e9ctor Rafael Rodr\u00edguez, quien fue nombrado arzobispo por el papa Francisco, luego de cumplir una misi\u00f3n como obispo en la Di\u00f3cesis de La Vega.<\/p>\n<div class=\"banner-box\"><\/div>\n<figure class=\"wp-caption alignnone\"><img loading=\"lazy\" class=\"no-caption\" title=\"Nuevo-arzobispo-de-Santiago-3.-546x728\" src=\"https:\/\/media.acento.com.do\/media\/storage02\/uploads\/2023\/12\/Nuevo-arzobispo-de-Santiago-3.-546x728.webp\" alt=\"Nuevo-arzobispo-de-Santiago-3.-546x728\" width=\"546\" height=\"728\" \/><figcaption class=\"wp-caption-text\">Monse\u00f1or H\u00e9ctor Rafael Rodr\u00edguez junto al presidente Luis Abinader, la vicepresidenta Raquel Pe\u00f1a y el presidente del Senado, Eduardo Estrella.<\/figcaption><\/figure>\n<p>El acto de toma de posesi\u00f3n de monse\u00f1or se desarroll\u00f3 en el sal\u00f3n multiuso de la Pontificia Universidad Cat\u00f3lica Madre y Maestra (PUCMM), con la presencia del presidente de la Rep\u00fablica Lu\u00eds Abinader, la vicepresidenta Raquel Pe\u00f1a, y de otros funcionarios, as\u00ed como las autoridades de la Iglesia Cat\u00f3lica, a nivel nacional.<\/p>\n<p>Monse\u00f1or H\u00e9ctor Rafael Rodr\u00edguez, oriundo de S\u00e1nchez, provincia Saman\u00e1, dijo que su primer rol en el cargo es cumplir con la dimensi\u00f3n prof\u00e9tica y defender el derecho a la visa, establecido en la Constituci\u00f3n de la Rep\u00fablica.<\/p>\n<p>En su primera Homil\u00eda como arzobispo de la Arquidi\u00f3cesis de Santiago, creada como Di\u00f3cesis, en 1953, monse\u00f1or H\u00e9ctor Rodr\u00edguez, dijo que mantendr\u00e1 viva entre los sectores sociales, la preocupaci\u00f3n por el cuidado de los recursos naturales.<\/p>\n<figure class=\"no-caption\"><img class=\"i-amphtml-fill-content i-amphtml-replaced-content\" title=\"Nuevo-arzobispo-de-Santiago-4.-728x546\" src=\"https:\/\/media.acento.com.do\/media\/storage02\/uploads\/2023\/12\/Nuevo-arzobispo-de-Santiago-4.-728x546.webp\" alt=\"Nuevo-arzobispo-de-Santiago-4.-728x546\" \/><\/figure>\n<p>El predicador dijo que, a ra\u00edz del cambio clim\u00e1tico, la sociedad est\u00e1 obligada a ser obediente con la naturaleza, porque &#8220;Dios perdona, pero la naturaleza no&#8221;.<\/p>\n<p>Monse\u00f1or afirm\u00f3 que a raz\u00f3n obedece que las lluvias en estos tiempos generen tantas inundaciones y otros desastres que afectan a miles de personas.<\/p>\n<p>Abog\u00f3 por que se concrete el proyecto de la Ley de Agua, el cual ha tenido mucho retraso por las diferencias que desata el tema de la supuesta privatizaci\u00f3n del agua, tema que el predicador cat\u00f3lico defini\u00f3 como un tema &#8220;espinoso&#8221;.<\/p>\n<p>Sobre el rol desempe\u00f1ado por sus antecesores, Monse\u00f1or Hugo Eduardo Polanco Brito, Roque Adames Rodr\u00edguez, Juan Antonio Flores Santana, Ram\u00f3n Benito De La Rosa y Carpio y Freddy Antonio de Jes\u00fas Bret\u00f3n Mart\u00ednez, dijo que no se puede poner sus zapatos porque le quedan grande, pero que espera no defraudarlos.<\/p>\n<p>Agreg\u00f3 que toma el cargo con la misi\u00f3n de desarrollar su trabajo en tres ejes: ense\u00f1ar, sobre la doctrina de la Iglesia, segundo santificar, ayudando a las personas a lograr la meta final de su vida cristiana, que es la santidad a trav\u00e9s de los sacramentos, y tercero regir, gobernar, servir con calidad, con sabidur\u00eda y justicia a todo el pueblo de Dios.<\/p>\n<p>Monse\u00f1or H\u00e9ctor Rafael Rodr\u00edguez concluy\u00f3 con una nota jocosa, implorando por su equipo de b\u00e9isbol favorito \u00c1guilas Cibae\u00f1as, que al cierre del primer tramo de la temporada tienen registro de 11 y 20, en la \u00faltima posici\u00f3n.<\/p>\n<p>&#8220;P\u00f3nganse la pila y vamo a haceile\u201d, dijo el nuevo arzobispo de la Arquidi\u00f3cesis de Santiago.<\/p>\n<div class=\"cont-tags\"><\/div>\n<p>Impactos: 64<\/p>","protected":false},"excerpt":{"rendered":"<p>Por\u00a0M\u00e1ximo Laureano &#8220;Yo no soy manso, no confundan, el manso y humilde es Jesuscristo, que dijo aprendan de m\u00ed, que soy manso y humilde<\/p>\n","protected":false},"author":3,"featured_media":19397,"comment_status":"closed","ping_status":"closed","sticky":false,"template":"","format":"standard","meta":[],"categories":[3],"tags":[],"_links":{"self":[{"href":"https:\/\/hormigaradio.com\/index.php?rest_route=\/wp\/v2\/posts\/19395"}],"collection":[{"href":"https:\/\/hormigaradio.com\/index.php?rest_route=\/wp\/v2\/posts"}],"about":[{"href":"https:\/\/hormigaradio.com\/index.php?rest_route=\/wp\/v2\/types\/post"}],"author":[{"embeddable":true,"href":"https:\/\/hormigaradio.com\/index.php?rest_route=\/wp\/v2\/users\/3"}],"replies":[{"embeddable":true,"href":"https:\/\/hormigaradio.com\/index.php?rest_route=%2Fwp%2Fv2%2Fcomments&post=19395"}],"version-history":[{"count":1,"href":"https:\/\/hormigaradio.com\/index.php?rest_route=\/wp\/v2\/posts\/19395\/revisions"}],"predecessor-version":[{"id":19396,"href":"https:\/\/hormigaradio.com\/index.php?rest_route=\/wp\/v2\/posts\/19395\/revisions\/19396"}],"wp:featuredmedia":[{"embeddable":true,"href":"https:\/\/hormigaradio.com\/index.php?rest_route=\/wp\/v2\/media\/19397"}],"wp:attachment":[{"href":"https:\/\/hormigaradio.com\/index.php?rest_route=%2Fwp%2Fv2%2Fmedia&parent=19395"}],"wp:term":[{"taxonomy":"category","embeddable":true,"href":"https:\/\/hormigaradio.com\/index.php?rest_route=%2Fwp%2Fv2%2Fcategories&post=19395"},{"taxonomy":"post_tag","embeddable":true,"href":"https:\/\/hormigaradio.com\/index.php?rest_route=%2Fwp%2Fv2%2Ftags&post=19395"}],"curies":[{"name":"wp","href":"https:\/\/api.w.org\/{rel}","templated":true}]}}