{"id":19400,"date":"2023-12-05T12:45:05","date_gmt":"2023-12-05T12:45:05","guid":{"rendered":"https:\/\/hormigaradio.com\/?p=19400"},"modified":"2023-12-05T12:45:05","modified_gmt":"2023-12-05T12:45:05","slug":"prision-preventiva-de-un-ano-a-presunto-homicida-de-coreografo-victor-erarte","status":"publish","type":"post","link":"https:\/\/hormigaradio.com\/?p=19400","title":{"rendered":"PRISI\u00d3N PREVENTIVA DE UN A\u00d1O A PRESUNTO HOMICIDA DE CORE\u00d3GRAFO V\u00cdCTOR ERARTE"},"content":{"rendered":"<p>Por\u00a0<span class=\"name font-700\"><a title=\"M\u00e1ximo Laureano\" href=\"https:\/\/acento.com.do\/autor\/mlaureano.html\">M\u00e1ximo Laureano<\/a><\/span><\/p>\n<p>El juez de la Oficina de Atenci\u00f3n Permanente del Distrito Judicial de Santiago,\u00a0<strong>Julio Araujo<\/strong>, decidi\u00f3 prisi\u00f3n preventiva de un a\u00f1o para\u00a0<strong>Yakime Michel<\/strong>\u00a0(Junior) presunto homicida del core\u00f3grafo y folclorista,\u00a0<strong>V\u00edctor Erarte<\/strong>.<\/p>\n<p>Seg\u00fan los detalles de las investigaciones del\u00a0<strong>Ministerio P\u00fablico<\/strong>, el joven de 22 a\u00f1os de edad, de nacionalidad haitiana, fue quien quit\u00f3 la vida a\u00a0<strong>Erarte,<\/strong>\u00a0en un hecho ocurrido el 30 de octubre del 2022, en la residencia del artista, ubicada en la calle\u00a0<strong>Aquiles Ram\u00edrez<\/strong>, del sector Los Jardines en Santiago.<\/p>\n<p>&nbsp;<\/p>\n<div class=\"amp-hidden\"><\/div>\n<p><iframe class=\"i-amphtml-fill-content\" src=\"https:\/\/player.vimeo.com\/video\/891188640?title=0&amp;amp;byline=0#amp=1\" name=\"amp_iframe0\" frameborder=\"0\" sandbox=\"allow-scripts allow-same-origin\" data-mce-fragment=\"1\"><\/iframe><\/p>\n<p>&nbsp;<\/p>\n<p><strong>Jordy Veras<\/strong>, abogado de la familia de\u00a0<strong>V\u00edctor Erarte<\/strong>, sostuvo que existen pruebas suficientes contra el imputado para que se imponga la pena m\u00e1xima de 30 a\u00f1os de prisi\u00f3n.<\/p>\n<p><strong>Veras<\/strong>\u00a0manifest\u00f3 que el tribunal adopt\u00f3 la medida para que el\u00a0<strong>Ministerio P\u00fablico\u00a0<\/strong>afiance la imputaci\u00f3n contra\u00a0<strong>Michel,<\/strong>\u00a0el supuesto autor de la muerte del folclorista y core\u00f3grafo.<\/p>\n<div class=\"banner-box\"><\/div>\n<p><strong>Rafael Cruz Erarte<\/strong>\u00a0y\u00a0<strong>Anny Cruz<\/strong>, hermano y sobrina de la v\u00edctima, manifestaron que esperan que se haga justicia en este caso.<\/p>\n<p>Tambi\u00e9n reconocieron los trabajos del\u00a0<strong>Ministerio P\u00fablico<\/strong>\u00a0para que se detuviera al sospechoso de la muerte de su pariente.<\/p>\n<p>\u201cLo \u00fanico que queremos es justicia por el hecho cometido\u201d, indic\u00f3\u00a0<strong>Anny Cruz<\/strong>, tras conocer el fallo del juez\u00a0<strong>Julio Araujo<\/strong>, en el proceso de la coerci\u00f3n.<\/p>\n<p>Los representantes del\u00a0<strong>Ministerio P\u00fablico<\/strong>\u00a0justificaron que han presentado contra el imputado cargo provisional por violaci\u00f3n a los art\u00edculos 295 y 304 del\u00a0<strong>C\u00f3digo Penal Dominicano<\/strong>, que tipifican el homicidio voluntario.<\/p>\n<p>Impactos: 67<\/p>","protected":false},"excerpt":{"rendered":"<p>Por\u00a0M\u00e1ximo Laureano El juez de la Oficina de Atenci\u00f3n Permanente del Distrito Judicial de Santiago,\u00a0Julio Araujo, decidi\u00f3 prisi\u00f3n preventiva de un a\u00f1o para\u00a0Yakime Michel\u00a0(Junior)<\/p>\n","protected":false},"author":3,"featured_media":19379,"comment_status":"closed","ping_status":"closed","sticky":false,"template":"","format":"standard","meta":[],"categories":[3],"tags":[],"_links":{"self":[{"href":"https:\/\/hormigaradio.com\/index.php?rest_route=\/wp\/v2\/posts\/19400"}],"collection":[{"href":"https:\/\/hormigaradio.com\/index.php?rest_route=\/wp\/v2\/posts"}],"about":[{"href":"https:\/\/hormigaradio.com\/index.php?rest_route=\/wp\/v2\/types\/post"}],"author":[{"embeddable":true,"href":"https:\/\/hormigaradio.com\/index.php?rest_route=\/wp\/v2\/users\/3"}],"replies":[{"embeddable":true,"href":"https:\/\/hormigaradio.com\/index.php?rest_route=%2Fwp%2Fv2%2Fcomments&post=19400"}],"version-history":[{"count":1,"href":"https:\/\/hormigaradio.com\/index.php?rest_route=\/wp\/v2\/posts\/19400\/revisions"}],"predecessor-version":[{"id":19401,"href":"https:\/\/hormigaradio.com\/index.php?rest_route=\/wp\/v2\/posts\/19400\/revisions\/19401"}],"wp:featuredmedia":[{"embeddable":true,"href":"https:\/\/hormigaradio.com\/index.php?rest_route=\/wp\/v2\/media\/19379"}],"wp:attachment":[{"href":"https:\/\/hormigaradio.com\/index.php?rest_route=%2Fwp%2Fv2%2Fmedia&parent=19400"}],"wp:term":[{"taxonomy":"category","embeddable":true,"href":"https:\/\/hormigaradio.com\/index.php?rest_route=%2Fwp%2Fv2%2Fcategories&post=19400"},{"taxonomy":"post_tag","embeddable":true,"href":"https:\/\/hormigaradio.com\/index.php?rest_route=%2Fwp%2Fv2%2Ftags&post=19400"}],"curies":[{"name":"wp","href":"https:\/\/api.w.org\/{rel}","templated":true}]}}