{"id":20089,"date":"2024-04-14T14:05:39","date_gmt":"2024-04-14T14:05:39","guid":{"rendered":"https:\/\/hormigaradio.com\/?p=20089"},"modified":"2024-04-14T14:08:35","modified_gmt":"2024-04-14T14:08:35","slug":"candidato-presidencial-roque-espaillat-fue-detenido-este-sabado","status":"publish","type":"post","link":"https:\/\/hormigaradio.com\/?p=20089","title":{"rendered":"CANDIDATO PRESIDENCIAL ROQUE ESPAILLAT FUE DETENIDO ESTE S\u00c1BADO EN LA  FRONTERA"},"content":{"rendered":"<p>Por\u00a0<span class=\"name font-700\"><a title=\"Servicios de Acento.com.do\" href=\"https:\/\/acento.com.do\/autor\/servicios.html\">Servicios de Acento.com.do<\/a><\/span><\/p>\n<div class=\"flex-container align-center\">La Comandancia del Ej\u00e9rcito Rep\u00fablica Dominicana\u00a0<strong>(ERD)<\/strong>\u00a0inform\u00f3 que\u00a0<strong>Roque Espaillat (El Cobrador)<\/strong>, candidato presidencial por el Partido Esperanza Democr\u00e1tica (PED), fue detenido en la tarde de este s\u00e1bado por miembros de la instituci\u00f3n.<\/div>\n<p>A trav\u00e9s de un breve comunicado, la entidad explic\u00f3 que la detenci\u00f3n del aspirante a la presidencia se realiz\u00f3 mientras pretend\u00eda penetrar a una zona clausurada en la\u00a0<strong>Vig\u00eda,<\/strong>\u00a0provincia\u00a0<strong>Dajab\u00f3n.<\/strong><\/p>\n<p>&#8220;Las unidades desplegadas para apoyar el control de la frontera mantienen esta zona de la Vig\u00eda clausurada debido a las situaciones con el vecino pa\u00eds&#8221;, se\u00f1al\u00f3 el documento de prensa.<\/p>\n<p>No obstante, agreg\u00f3 el comunicado, &#8220;el ciudadano Roque Espaillat, candidato presidencial por el Partido Esperanza Democr\u00e1tica, en una actitud desafiante y de provocaci\u00f3n se abalanz\u00f3 hacia los soldados que custodian esta zona, luego de que estos le informar\u00e1n que no pod\u00eda pasar el cerco de seguridad del l\u00edmite fronterizo para llegar al muro&#8221;.<\/p>\n<p>Posteriormente, se inform\u00f3 que Espaillat fue puesto en libertad.<\/p>\n<p>Seg\u00fan explic\u00f3 el coordinador de la campa\u00f1a pol\u00edtica del PED,\u00a0<strong>Melvin Ma\u00f1\u00f3n<\/strong>,<strong>\u00a0El Cobrador<\/strong>\u00a0se encontraba recorriendo las l\u00edneas fronterizas entre Rep\u00fablica Dominicana y Hait\u00ed, donde presentar\u00eda su proyecto de Gobierno a los residentes de la zona.<\/p>\n<div class=\"banner-box\"><\/div>\n<div class=\"cont-tags\"><\/div>\n<p>Impactos: 33<\/p>","protected":false},"excerpt":{"rendered":"<p>Por\u00a0Servicios de Acento.com.do La Comandancia del Ej\u00e9rcito Rep\u00fablica Dominicana\u00a0(ERD)\u00a0inform\u00f3 que\u00a0Roque Espaillat (El Cobrador), candidato presidencial por el Partido Esperanza Democr\u00e1tica (PED), fue detenido en<\/p>\n","protected":false},"author":3,"featured_media":20090,"comment_status":"closed","ping_status":"closed","sticky":false,"template":"","format":"standard","meta":[],"categories":[6],"tags":[],"_links":{"self":[{"href":"https:\/\/hormigaradio.com\/index.php?rest_route=\/wp\/v2\/posts\/20089"}],"collection":[{"href":"https:\/\/hormigaradio.com\/index.php?rest_route=\/wp\/v2\/posts"}],"about":[{"href":"https:\/\/hormigaradio.com\/index.php?rest_route=\/wp\/v2\/types\/post"}],"author":[{"embeddable":true,"href":"https:\/\/hormigaradio.com\/index.php?rest_route=\/wp\/v2\/users\/3"}],"replies":[{"embeddable":true,"href":"https:\/\/hormigaradio.com\/index.php?rest_route=%2Fwp%2Fv2%2Fcomments&post=20089"}],"version-history":[{"count":3,"href":"https:\/\/hormigaradio.com\/index.php?rest_route=\/wp\/v2\/posts\/20089\/revisions"}],"predecessor-version":[{"id":20093,"href":"https:\/\/hormigaradio.com\/index.php?rest_route=\/wp\/v2\/posts\/20089\/revisions\/20093"}],"wp:featuredmedia":[{"embeddable":true,"href":"https:\/\/hormigaradio.com\/index.php?rest_route=\/wp\/v2\/media\/20090"}],"wp:attachment":[{"href":"https:\/\/hormigaradio.com\/index.php?rest_route=%2Fwp%2Fv2%2Fmedia&parent=20089"}],"wp:term":[{"taxonomy":"category","embeddable":true,"href":"https:\/\/hormigaradio.com\/index.php?rest_route=%2Fwp%2Fv2%2Fcategories&post=20089"},{"taxonomy":"post_tag","embeddable":true,"href":"https:\/\/hormigaradio.com\/index.php?rest_route=%2Fwp%2Fv2%2Ftags&post=20089"}],"curies":[{"name":"wp","href":"https:\/\/api.w.org\/{rel}","templated":true}]}}